{"id":18257,"date":"2016-09-26T18:02:48","date_gmt":"2016-09-26T21:02:48","guid":{"rendered":"http:\/\/catolicanet.net\/wp-cnet\/2016\/09\/26\/qunidos-pela-pazq-reunira-craques-do-futebol-no-estadio-olimpico-em-roma\/"},"modified":"2017-06-02T09:29:19","modified_gmt":"2017-06-02T12:29:19","slug":"qunidos-pela-pazq-reunira-craques-do-futebol-no-estadio-olimpico-em-roma","status":"publish","type":"post","link":"https:\/\/catolicanet.net\/wp-cnet\/qunidos-pela-pazq-reunira-craques-do-futebol-no-estadio-olimpico-em-roma\/","title":{"rendered":"&#8220;Unidos pela Paz&#8221; reunir\u00e1 craques do futebol no Est\u00e1dio Ol\u00edmpico em Roma"},"content":{"rendered":"<p style=\"text-align: justify;\"><img decoding=\"async\" src=\"http:\/\/www.catolicanet.com.br\/images\/stories\/papas\/ap3290895.jpg\" border=\"0\" align=\"left\" \/>Cidade do Vaticano (RV) \u2013 No pr\u00f3ximo 12 de outubro, \u00e0s 21h15min, o Est\u00e1dio Ol\u00edmpico de Roma ser\u00e1 palco da partida beneficente \u201cUnidos pela paz\u201d. Esta ser\u00e1 a segunda edi\u00e7\u00e3o da iniciativa promovida pelo Papa Francisco em apoio aos programas educativos e sociais da Funda\u00e7\u00e3o Scholas Occurentes, CSI, UNITALSI e AMLIB.<\/p>\n<p style=\"text-align: justify;\">\u00a0<\/p>\n<p style=\"text-align: justify;\"><a href=\"http:\/\/media02.radiovaticana.va\/audio\/audio2\/mp3\/00550039.mp3\">Clique aqui para ouvir.<\/a><\/p>\n<p style=\"text-align: justify;\">\u00a0<\/p>\n<p style=\"text-align: justify;\">Lendas do futebol<\/p>\n<p>Confirmaram a participa\u00e7\u00e3o no evento, entre outros, os campe\u00f5es mundiais\u00a0 Ronaldinho, Diego Maradona, Roberto Carlos, Fabio Capello, Antonio di Natale, Herna Crespo e Gianluca Zambrotta, que atuar\u00e3o junto aos maiores jogadores em atividade e as lendas que deixaram sua marca na hist\u00f3ria deste esporte.<\/p>\n<p>Ronaldinho e Roberto Carlos<\/p>\n<p>\u201cEstou realmente feliz de voar para Roma para jogar da partida Unidos pela Paz\u201d, disse por sua vez Ronaldinho, ao responder positivamente ao convite para participar desta importante iniciativa.<\/p>\n<p>\u201cSer\u00e1 uma grande noite, espero que tenha muita gente para estarmos todos unidos com o Papa Francisco pela paz no mundo\u201d, afirmou Roberto Carlos.<\/p>\n<p>Maradona<\/p>\n<p>\u201cConvido \u00e0s pessoas a darem a sua pequena contribui\u00e7\u00e3o no dia 12 de outubro \u00e0 partida pela paz\u201d, foi o convite de Diego Maradona para o jogo.<\/p>\n<p>Nos pr\u00f3ximos dias ser\u00e3o anunciados os novos jogadores que participar\u00e3o desta segunda edi\u00e7\u00e3o, para tornar este evento um novo sucesso de solidariedade e de paz.<\/p>\n<p>Valor do esporte e da arte<\/p>\n<p>O Papa Francisco, lan\u00e7ando oficialmente nos meses passados este evento, dirigiu-se a todos os jovens do mundo, sublinhando o valor do futebol e do esporte para a poiar a educa\u00e7\u00e3o e tornar poss\u00edvel a cultura do encontro pela paz: \u201c\u00c9 tempo de mostrar que somos capazes de promover a paz por meio do jogo e tamb\u00e9m com a arte\u201d.<\/p>\n<p>Destina\u00e7\u00e3o dos recursos<\/p>\n<p>Os recursos arrecadados com a partida ir\u00e3o financiar diversos projetos, que t\u00eam por objetivo comum criar uma cultura da paz, entendida como um momento de justi\u00e7a social, de acesso para todos, em particular crian\u00e7as e jovens a quem, seguidamente, em v\u00e1rias partes do mundo, s\u00e3o negados os servi\u00e7os b\u00e1sicos de instru\u00e7\u00e3o, assist\u00eancia e forma\u00e7\u00e3o.<\/p>\n<p>Terremoto<\/p>\n<p>Na It\u00e1lia, por exemplo, apoiar\u00e1 a popula\u00e7\u00e3o de Amatrice atingida pelo terremoto em 24 de agosto, por meio de a\u00e7\u00f5es concretas para a reativa\u00e7\u00e3o das estruturas esportivas de base e orat\u00f3rios, formando educadores e instrutores.<\/p>\n<p>Mas n\u00e3o somente. Sempre por meio dos valores do esporte ser\u00e3o colocadas ao centro da aten\u00e7\u00e3o as periferias italianas e argentinas, com as crian\u00e7as com necessidades especiais e as suas fam\u00edlias (para ajud\u00e1-las concretamente no usufruto dos servi\u00e7os de assist\u00eancia) e nas periferias de Kinshasa (por uma forma\u00e7\u00e3o educativa e cultural que os acompanhe na escolha do futuro).<\/p>\n<p style=\"text-align: justify;\">\u00a0<\/p>\n<p style=\"text-align: justify;\">Fonte: R\u00e1dio Vaticano<\/p>\n","protected":false},"excerpt":{"rendered":"<p>Cidade do Vaticano (RV) \u2013 No pr\u00f3ximo 12 de outubro, \u00e0s 21h15min, o Est\u00e1dio Ol\u00edmpico de Roma ser\u00e1 palco da partida beneficente \u201cUnidos pela paz\u201d. Esta ser\u00e1 a segunda edi\u00e7\u00e3o da iniciativa promovida pelo Papa Francisco em apoio aos programas educativos e sociais da Funda\u00e7\u00e3o Scholas Occurentes, CSI, UNITALSI e AMLIB. \u00a0 Clique aqui para [&hellip;]<\/p>\n","protected":false},"author":1,"featured_media":18256,"comment_status":"open","ping_status":"open","sticky":false,"template":"","format":"standard","meta":{"footnotes":""},"categories":[3],"tags":[],"class_list":["post-18257","post","type-post","status-publish","format-standard","has-post-thumbnail","hentry","category-vaticano"],"_links":{"self":[{"href":"https:\/\/catolicanet.net\/wp-cnet\/wp-json\/wp\/v2\/posts\/18257","targetHints":{"allow":["GET"]}}],"collection":[{"href":"https:\/\/catolicanet.net\/wp-cnet\/wp-json\/wp\/v2\/posts"}],"about":[{"href":"https:\/\/catolicanet.net\/wp-cnet\/wp-json\/wp\/v2\/types\/post"}],"author":[{"embeddable":true,"href":"https:\/\/catolicanet.net\/wp-cnet\/wp-json\/wp\/v2\/users\/1"}],"replies":[{"embeddable":true,"href":"https:\/\/catolicanet.net\/wp-cnet\/wp-json\/wp\/v2\/comments?post=18257"}],"version-history":[{"count":1,"href":"https:\/\/catolicanet.net\/wp-cnet\/wp-json\/wp\/v2\/posts\/18257\/revisions"}],"predecessor-version":[{"id":27483,"href":"https:\/\/catolicanet.net\/wp-cnet\/wp-json\/wp\/v2\/posts\/18257\/revisions\/27483"}],"wp:featuredmedia":[{"embeddable":true,"href":"https:\/\/catolicanet.net\/wp-cnet\/wp-json\/wp\/v2\/media\/18256"}],"wp:attachment":[{"href":"https:\/\/catolicanet.net\/wp-cnet\/wp-json\/wp\/v2\/media?parent=18257"}],"wp:term":[{"taxonomy":"category","embeddable":true,"href":"https:\/\/catolicanet.net\/wp-cnet\/wp-json\/wp\/v2\/categories?post=18257"},{"taxonomy":"post_tag","embeddable":true,"href":"https:\/\/catolicanet.net\/wp-cnet\/wp-json\/wp\/v2\/tags?post=18257"}],"curies":[{"name":"wp","href":"https:\/\/api.w.org\/{rel}","templated":true}]}}