{"id":18231,"date":"2023-09-26T00:00:50","date_gmt":"2023-09-26T03:00:50","guid":{"rendered":"http:\/\/catolicanet.net\/wp-cnet\/2016\/09\/26\/sao-cosme-e-sao-damiao-padroeiros-dos-farmaceuticos-e-medicos\/"},"modified":"2023-01-02T17:20:25","modified_gmt":"2023-01-02T20:20:25","slug":"sao-cosme-e-sao-damiao-padroeiros-dos-farmaceuticos-e-medicos","status":"publish","type":"post","link":"https:\/\/catolicanet.net\/wp-cnet\/sao-cosme-e-sao-damiao-padroeiros-dos-farmaceuticos-e-medicos\/","title":{"rendered":"S\u00e3o Cosme e S\u00e3o Dami\u00e3o"},"content":{"rendered":"<p style=\"text-align: justify;\">S\u00e3o Cosme e S\u00e3o Dami\u00e3o Com a convers\u00e3o passaram a ser tamb\u00e9m mission\u00e1rios, ou seja, aproveitando a ci\u00eancia com a confian\u00e7a no poder da ora\u00e7\u00e3o levavam a muitos a sa\u00fade do corpo e da alma<\/p>\n<p>Hoje, lembramos dois dos santos mais citados na Igreja: Cosme e Dami\u00e3o. Eram irm\u00e3os g\u00eameos, m\u00e9dicos de profiss\u00e3o e santos na voca\u00e7\u00e3o da vida. Viveram no Oriente e, desde jovens, eram habilidosos m\u00e9dicos. Com a convers\u00e3o passaram a ser tamb\u00e9m mission\u00e1rios, ou seja, aproveitando a ci\u00eancia com a confian\u00e7a no poder da ora\u00e7\u00e3o levavam a muitos a sa\u00fade do corpo e da alma.<\/p>\n<p>Viveram na \u00c1sia Menor, at\u00e9 que diante da persegui\u00e7\u00e3o de Diocleciano, no ano 300 da era crist\u00e3, foram presos pois eram considerados inimigos dos deuses e acusados de usar feiti\u00e7arias e meios diab\u00f3licos para disfar\u00e7ar as curas. Tendo em vista esta acusa\u00e7\u00e3o, a resposta deles era sempre:<\/p>\n<p>\u201cN\u00f3s curamos as doen\u00e7as, em nome de Jesus Cristo e pelo Seu poder!\u201d<\/p>\n<p>Diante da insist\u00eancia, quanto \u00e0 adora\u00e7\u00e3o aos deuses, responderam: \u201cTeus deuses n\u00e3o t\u00eam poder algum, n\u00f3s adoramos o Criador do c\u00e9u e da terra!\u201d<\/p>\n<p>Jamais abandonaram a f\u00e9 e foram decapitados em 303. S\u00e3o considerados os padroeiros dos farmac\u00eauticos, m\u00e9dicos e das faculdades de medicina.<\/p>\n<p>S\u00e3o Cosme e S\u00e3o Dami\u00e3o, rogai por n\u00f3s!<\/p>\n","protected":false},"excerpt":{"rendered":"<p>S\u00e3o Cosme e S\u00e3o Dami\u00e3o Com a convers\u00e3o passaram a ser tamb\u00e9m mission\u00e1rios, ou seja, aproveitando a ci\u00eancia com a confian\u00e7a no poder da ora\u00e7\u00e3o levavam a muitos a sa\u00fade do corpo e da alma Hoje, lembramos dois dos santos mais citados na Igreja: Cosme e Dami\u00e3o. Eram irm\u00e3os g\u00eameos, m\u00e9dicos de profiss\u00e3o e santos [&hellip;]<\/p>\n","protected":false},"author":1,"featured_media":22771,"comment_status":"open","ping_status":"open","sticky":false,"template":"","format":"standard","meta":{"footnotes":""},"categories":[32],"tags":[],"class_list":["post-18231","post","type-post","status-publish","format-standard","has-post-thumbnail","hentry","category-santo-do-dia"],"_links":{"self":[{"href":"https:\/\/catolicanet.net\/wp-cnet\/wp-json\/wp\/v2\/posts\/18231","targetHints":{"allow":["GET"]}}],"collection":[{"href":"https:\/\/catolicanet.net\/wp-cnet\/wp-json\/wp\/v2\/posts"}],"about":[{"href":"https:\/\/catolicanet.net\/wp-cnet\/wp-json\/wp\/v2\/types\/post"}],"author":[{"embeddable":true,"href":"https:\/\/catolicanet.net\/wp-cnet\/wp-json\/wp\/v2\/users\/1"}],"replies":[{"embeddable":true,"href":"https:\/\/catolicanet.net\/wp-cnet\/wp-json\/wp\/v2\/comments?post=18231"}],"version-history":[{"count":3,"href":"https:\/\/catolicanet.net\/wp-cnet\/wp-json\/wp\/v2\/posts\/18231\/revisions"}],"predecessor-version":[{"id":22772,"href":"https:\/\/catolicanet.net\/wp-cnet\/wp-json\/wp\/v2\/posts\/18231\/revisions\/22772"}],"wp:featuredmedia":[{"embeddable":true,"href":"https:\/\/catolicanet.net\/wp-cnet\/wp-json\/wp\/v2\/media\/22771"}],"wp:attachment":[{"href":"https:\/\/catolicanet.net\/wp-cnet\/wp-json\/wp\/v2\/media?parent=18231"}],"wp:term":[{"taxonomy":"category","embeddable":true,"href":"https:\/\/catolicanet.net\/wp-cnet\/wp-json\/wp\/v2\/categories?post=18231"},{"taxonomy":"post_tag","embeddable":true,"href":"https:\/\/catolicanet.net\/wp-cnet\/wp-json\/wp\/v2\/tags?post=18231"}],"curies":[{"name":"wp","href":"https:\/\/api.w.org\/{rel}","templated":true}]}}