{"id":18223,"date":"2016-09-26T13:11:53","date_gmt":"2016-09-26T16:11:53","guid":{"rendered":"http:\/\/catolicanet.net\/wp-cnet\/2016\/09\/26\/papa-aos-catequistas-anunciar-deus-encontrando-as-pessoas\/"},"modified":"2017-06-02T11:38:18","modified_gmt":"2017-06-02T14:38:18","slug":"papa-aos-catequistas-anunciar-deus-encontrando-as-pessoas","status":"publish","type":"post","link":"https:\/\/catolicanet.net\/wp-cnet\/papa-aos-catequistas-anunciar-deus-encontrando-as-pessoas\/","title":{"rendered":"Papa aos catequistas: anunciar Deus encontrando as pessoas"},"content":{"rendered":"<p style=\"text-align: justify;\"><img decoding=\"async\" src=\"http:\/\/www.catolicanet.com.br\/images\/stories\/noticias\/rv19603_articolo.jpg\" border=\"0\" align=\"left\" \/><\/p>\n<p style=\"text-align: justify;\"><a href=\"http:\/\/media02.radiovaticana.va\/audio\/audio2\/mp3\/00549846.mp3\">Clique aqui para ouvir.<\/a><\/p>\n<p style=\"text-align: justify;\">\u00a0<\/p>\n<p style=\"text-align: justify;\">Domingo, 25 de setembro, Jubileu dos Catequistas com o Papa Francisco na Pra\u00e7a de S. Pedro neste Ano da Santo da Miseric\u00f3rdia. Na sua homilia o Santo Padre come\u00e7ou por lan\u00e7ar a sua aten\u00e7\u00e3o para a segunda leitura deste domingo retirada da Ep\u00edstola de S. Paulo a Tim\u00f3teo onde S. Paulo \u201cn\u00e3o recomenda uma multid\u00e3o de pontos e aspectos, mas sublinha o centro da f\u00e9. Este centro \u00e0 volta do qual tudo gira, este cora\u00e7\u00e3o pulsante que a tudo d\u00e1 vida \u00e9 o an\u00fancio pascal, o primeiro an\u00fancio: O Senhor Jesus ressuscitou\u201d \u2013 disse Francisco que sublinhou o novo mandamento no qual nos faz pensar Paulo: \u00abQue vos ameis uns aos outros como Eu vos amei\u00bb. E \u00e9 s\u00f3 \u201camando que se anuncia Deus-Amor\u201d.<\/p>\n<p>\u201cAnuncia-se Deus, encontrando as pessoas, com aten\u00e7\u00e3o \u00e0 sua hist\u00f3ria e ao seu caminho. Porque o Senhor n\u00e3o \u00e9 uma ideia, mas uma Pessoa viva: a sua mensagem comunica-se atrav\u00e9s do testemunho simples e verdadeiro, da escuta e acolhimento, da alegria que se irradia. N\u00e3o se fala bem de Jesus, quando nos mostramos tristes; nem se transmite a beleza de Deus limitando-nos a fazer bonitos serm\u00f5es. O Deus da esperan\u00e7a anuncia-Se vivendo no dia-a-dia o Evangelho da caridade, sem medo de o testemunhar inclusive com novas formas de an\u00fancio.\u201d<\/p>\n<p>Neste momento da sua homilia o Papa Francisco referiu a par\u00e1bola que o Evangelho de S. Lucas nos conta neste domingo, na qual um homem rico n\u00e3o repara em L\u00e1zaro, um pobre que \u00abjazia ao seu port\u00e3o\u00bb. \u201cNa realidade, este rico n\u00e3o faz mal a ningu\u00e9m, n\u00e3o se diz que \u00e9 mau\u201d \u2013 disse o Santo Padre \u2013 \u201ce todavia tem uma enfermidade pior que a de L\u00e1zaro, apesar deste estar \u00abcoberto de chagas\u00bb : este rico sofre duma forte cegueira, porque n\u00e3o consegue olhar para al\u00e9m do seu mundo, feito de banquetes e roupa fina. N\u00e3o v\u00ea mais al\u00e9m da porta de sua casa, onde jazia L\u00e1zaro, porque n\u00e3o se importa com o que acontece l\u00e1 fora. N\u00e3o v\u00ea com os olhos, porque n\u00e3o sente com o cora\u00e7\u00e3o. No seu cora\u00e7\u00e3o, entrou a mundanidade que anestesia a alma. A mundanidade \u00e9 como um \u00abburaco negro\u00bb que engole o bem, que apaga o amor, que absorve tudo no pr\u00f3prio eu\u201d \u2013 observou o Papa.<\/p>\n<p>Apar\u00eancia e indiferen\u00e7a, s\u00e3o raz\u00f5es para a \u201cgrave cegueira\u201d de quem \u201colha com rever\u00eancia as pessoas famosas, de alto n\u00edvel, admiradas pelo mundo, e afasta o olhar dos in\u00fameros L\u00e1zaros de hoje, dos pobres e dos doentes, que s\u00e3o os prediletos do Senhor\u201d \u2013 declarou Francisco.<\/p>\n<p>Mas Deus n\u00e3o esquece L\u00e1zaro e acolhe-o \u201cno banquete do seu Reino, juntamente com Abra\u00e3o, numa rica comunh\u00e3o de afetos\u201d \u2013disse o Papa que, falando para os catequistas, sublinhou que \u201ccomo servidores da palavra de Jesus, somos chamados a n\u00e3o ostentar apar\u00eancia, nem procurar gl\u00f3ria; n\u00e3o podemos sequer ser tristes e lastimosos\u201d. \u201cN\u00e3o sejamos profetas da desgra\u00e7a\u201d \u2013 afirmou:<\/p>\n<p>\u201cN\u00e3o sejamos profetas da desgra\u00e7a, que se comprazem em lobrigar perigos ou desvios; n\u00e3o sejamos pessoas que vivem entrincheiradas nos seus ambientes, proferindo ju\u00edzos amargos sobre a sociedade, sobre a Igreja, sobre tudo e todos, poluindo o mundo de negatividade. O ceticismo lamentoso n\u00e3o se coaduna a quem vive familiarizado com a Palavra de Deus.\u201d<\/p>\n<p>\u201cQuem anuncia a esperan\u00e7a de Jesus \u00e9 portador de alegria e v\u00ea longe, porque sabe olhar para al\u00e9m do mal e dos problemas. Ao mesmo tempo, v\u00ea bem ao perto, porque est\u00e1 atento ao pr\u00f3ximo e \u00e0s suas necessidades\u201d \u2013 declarou Francisco, que no final da sua homilia sublinhou que \u201cface aos in\u00fameros L\u00e1zaros que vemos, somos chamados a inquietar-nos, a encontrar formas de os atender e ajudar, sem delegar sempre a outras pessoas nem dizer: \u00abAjudar-te-ei amanh\u00e3\u00bb. O tempo gasto a socorrer \u00e9 tempo dado a Jesus, \u00e9 amor que permanece\u201d.<\/p>\n<p style=\"text-align: justify;\">\u00a0<\/p>\n<p style=\"text-align: justify;\">Fonte: R\u00e1dio Vaticano<\/p>\n","protected":false},"excerpt":{"rendered":"<p>Clique aqui para ouvir. \u00a0 Domingo, 25 de setembro, Jubileu dos Catequistas com o Papa Francisco na Pra\u00e7a de S. Pedro neste Ano da Santo da Miseric\u00f3rdia. Na sua homilia o Santo Padre come\u00e7ou por lan\u00e7ar a sua aten\u00e7\u00e3o para a segunda leitura deste domingo retirada da Ep\u00edstola de S. Paulo a Tim\u00f3teo onde S. [&hellip;]<\/p>\n","protected":false},"author":1,"featured_media":18222,"comment_status":"open","ping_status":"open","sticky":false,"template":"","format":"standard","meta":{"footnotes":""},"categories":[3],"tags":[],"class_list":["post-18223","post","type-post","status-publish","format-standard","has-post-thumbnail","hentry","category-vaticano"],"_links":{"self":[{"href":"https:\/\/catolicanet.net\/wp-cnet\/wp-json\/wp\/v2\/posts\/18223","targetHints":{"allow":["GET"]}}],"collection":[{"href":"https:\/\/catolicanet.net\/wp-cnet\/wp-json\/wp\/v2\/posts"}],"about":[{"href":"https:\/\/catolicanet.net\/wp-cnet\/wp-json\/wp\/v2\/types\/post"}],"author":[{"embeddable":true,"href":"https:\/\/catolicanet.net\/wp-cnet\/wp-json\/wp\/v2\/users\/1"}],"replies":[{"embeddable":true,"href":"https:\/\/catolicanet.net\/wp-cnet\/wp-json\/wp\/v2\/comments?post=18223"}],"version-history":[{"count":1,"href":"https:\/\/catolicanet.net\/wp-cnet\/wp-json\/wp\/v2\/posts\/18223\/revisions"}],"predecessor-version":[{"id":27489,"href":"https:\/\/catolicanet.net\/wp-cnet\/wp-json\/wp\/v2\/posts\/18223\/revisions\/27489"}],"wp:featuredmedia":[{"embeddable":true,"href":"https:\/\/catolicanet.net\/wp-cnet\/wp-json\/wp\/v2\/media\/18222"}],"wp:attachment":[{"href":"https:\/\/catolicanet.net\/wp-cnet\/wp-json\/wp\/v2\/media?parent=18223"}],"wp:term":[{"taxonomy":"category","embeddable":true,"href":"https:\/\/catolicanet.net\/wp-cnet\/wp-json\/wp\/v2\/categories?post=18223"},{"taxonomy":"post_tag","embeddable":true,"href":"https:\/\/catolicanet.net\/wp-cnet\/wp-json\/wp\/v2\/tags?post=18223"}],"curies":[{"name":"wp","href":"https:\/\/api.w.org\/{rel}","templated":true}]}}