{"id":18221,"date":"2016-09-26T13:06:05","date_gmt":"2016-09-26T16:06:05","guid":{"rendered":"http:\/\/catolicanet.net\/wp-cnet\/2016\/09\/26\/papa-recebeu-as-irmas-hospitaleiras-da-misericordia\/"},"modified":"2017-06-02T13:08:11","modified_gmt":"2017-06-02T16:08:11","slug":"papa-recebeu-as-irmas-hospitaleiras-da-misericordia","status":"publish","type":"post","link":"https:\/\/catolicanet.net\/wp-cnet\/papa-recebeu-as-irmas-hospitaleiras-da-misericordia\/","title":{"rendered":"Papa recebeu as Irm\u00e3s Hospitaleiras da Miseric\u00f3rdia"},"content":{"rendered":"<p style=\"text-align: justify;\"><img decoding=\"async\" src=\"http:\/\/www.catolicanet.com.br\/images\/stories\/papas\/ansa955202_articolo.jpg\" border=\"0\" align=\"left\" \/>O Santo Padre recebeu no Vaticano, na manh\u00e3 deste s\u00e1bado (24\/9), na Sala Clementina, cerca de 130 Irm\u00e3s Hospitaleiras da Miseric\u00f3rdia, cuja voca\u00e7\u00e3o corresponde de modo direto a este Jubileu da Miseric\u00f3rdia.<\/p>\n<p>Em seu discurso \u00e0s religiosas, o Papa agradeceu ao Senhor pelo compromisso desta fam\u00edlia ao seguir o caminho de fidelidade ao carisma deixado pela fundadora, a Serva de Deus Teresa Orsini Doria Pamphilj Landi, dedicado \u00e0s novas formas de pobreza dos nossos tempos: um sinal concreto da miseric\u00f3rdia do Pai.<\/p>\n<p>Com efeito, a fundadora as Irm\u00e3s Hospitaleiras mostra, de modo eloquente, quanto a Palavra do Senhor pode mudar a vida de quem se torna seu disc\u00edpulo. Esta senhora, leiga e de fam\u00edlia nobre, coadjuvada por dois sacerdotes, deixou-se guiar pelas palavras de Jesus \u201cEstava doente e me visitaste\u201d:<\/p>\n<p>\u201cDiante da fraqueza da doen\u00e7a n\u00e3o podem existir distin\u00e7\u00f5es de estado social, ra\u00e7a, l\u00edngua e cultura; todos nos tornamos fr\u00e1geis e somos confiados aos outros. A Igreja tem como compromisso e responsabilidade a proximidade aos que sofrem, levar-lhes consola\u00e7\u00e3o, conforto e amizade\u201d.<\/p>\n<p>Neste sentido, Francisco exortou as Irm\u00e3s Hospitaleiras da Miseric\u00f3rdia a refor\u00e7arem seu servi\u00e7o aos irm\u00e3os e irm\u00e3s internados nos hospitais para que se sintam aliviados na sua dor. \u201cJamais se rendam diante deste precioso servi\u00e7o\u201d, &#8211; exortou o Papa \u2013 apesar de todas as dificuldades existentes.<\/p>\n<p>Em nosso dias, &#8211; afirmou \u2013 certa cultura laicista busca eliminar dos hospitais toda refer\u00eancia religiosa, que provoca dolorosas car\u00eancias humanas nos lugares de sofrimento.<\/p>\n<p>Ao t\u00e9rmino de seu breve discurso \u00e0s Irm\u00e3s Hospitaleiras, o Santo Padre as encorajou, dizendo:<\/p>\n<p>\u201cNunca se cansem de ser amigas, irm\u00e3s e m\u00e3es do enfermos. Que a ora\u00e7\u00e3o seja sempre a linfa que sustenta a sua miss\u00e3o evangelizadora. Ao se aproximarem dos doentes transmitam-lhes a paz e a alegria, frutos do Esp\u00edrito Santo. Jesus, que est\u00e1 presente na pessoa do enfermo, seja a sua for\u00e7a\u201d.<\/p>\n<p>Francisco concluiu suas palavras, recordando o quarto voto religioso, de grande atualidade, que caracteriza a Congrega\u00e7\u00e3o fundada por Teresa Orsini: \u201cDedicar-se \u00e0s pessoas sem-teto, sem fam\u00edlia, sem p\u00e1tria e necessitadas de acolhimento\u201d.<\/p>\n<p style=\"text-align: justify;\">\u00a0<\/p>\n<p style=\"text-align: justify;\">Fonte: R\u00e1dio Vaticano<\/p>\n","protected":false},"excerpt":{"rendered":"<p>O Santo Padre recebeu no Vaticano, na manh\u00e3 deste s\u00e1bado (24\/9), na Sala Clementina, cerca de 130 Irm\u00e3s Hospitaleiras da Miseric\u00f3rdia, cuja voca\u00e7\u00e3o corresponde de modo direto a este Jubileu da Miseric\u00f3rdia. Em seu discurso \u00e0s religiosas, o Papa agradeceu ao Senhor pelo compromisso desta fam\u00edlia ao seguir o caminho de fidelidade ao carisma deixado [&hellip;]<\/p>\n","protected":false},"author":1,"featured_media":18220,"comment_status":"open","ping_status":"open","sticky":false,"template":"","format":"standard","meta":{"footnotes":""},"categories":[3],"tags":[],"class_list":["post-18221","post","type-post","status-publish","format-standard","has-post-thumbnail","hentry","category-vaticano"],"_links":{"self":[{"href":"https:\/\/catolicanet.net\/wp-cnet\/wp-json\/wp\/v2\/posts\/18221","targetHints":{"allow":["GET"]}}],"collection":[{"href":"https:\/\/catolicanet.net\/wp-cnet\/wp-json\/wp\/v2\/posts"}],"about":[{"href":"https:\/\/catolicanet.net\/wp-cnet\/wp-json\/wp\/v2\/types\/post"}],"author":[{"embeddable":true,"href":"https:\/\/catolicanet.net\/wp-cnet\/wp-json\/wp\/v2\/users\/1"}],"replies":[{"embeddable":true,"href":"https:\/\/catolicanet.net\/wp-cnet\/wp-json\/wp\/v2\/comments?post=18221"}],"version-history":[{"count":1,"href":"https:\/\/catolicanet.net\/wp-cnet\/wp-json\/wp\/v2\/posts\/18221\/revisions"}],"predecessor-version":[{"id":27490,"href":"https:\/\/catolicanet.net\/wp-cnet\/wp-json\/wp\/v2\/posts\/18221\/revisions\/27490"}],"wp:featuredmedia":[{"embeddable":true,"href":"https:\/\/catolicanet.net\/wp-cnet\/wp-json\/wp\/v2\/media\/18220"}],"wp:attachment":[{"href":"https:\/\/catolicanet.net\/wp-cnet\/wp-json\/wp\/v2\/media?parent=18221"}],"wp:term":[{"taxonomy":"category","embeddable":true,"href":"https:\/\/catolicanet.net\/wp-cnet\/wp-json\/wp\/v2\/categories?post=18221"},{"taxonomy":"post_tag","embeddable":true,"href":"https:\/\/catolicanet.net\/wp-cnet\/wp-json\/wp\/v2\/tags?post=18221"}],"curies":[{"name":"wp","href":"https:\/\/api.w.org\/{rel}","templated":true}]}}