{"id":18217,"date":"2016-09-26T12:54:51","date_gmt":"2016-09-26T15:54:51","guid":{"rendered":"http:\/\/catolicanet.net\/wp-cnet\/2016\/09\/26\/a-catequese-e-a-minha-vida-e-uma-entrega-total-irene-catequista-portuguesa\/"},"modified":"2017-06-02T09:29:24","modified_gmt":"2017-06-02T12:29:24","slug":"a-catequese-e-a-minha-vida-e-uma-entrega-total-irene-catequista-portuguesa","status":"publish","type":"post","link":"https:\/\/catolicanet.net\/wp-cnet\/a-catequese-e-a-minha-vida-e-uma-entrega-total-irene-catequista-portuguesa\/","title":{"rendered":"A catequese \u00e9 a minha vida, \u00e9 uma entrega total &#8211; Irene, catequista portuguesa"},"content":{"rendered":"<p style=\"text-align: justify;\"><img decoding=\"async\" src=\"http:\/\/www.catolicanet.com.br\/images\/stories\/noticias\/rv19604_articolo.jpg\" border=\"0\" align=\"left\" \/>Diversas bandeiras de Portugal desfraldavam, esta manh\u00e3, na Pra\u00e7a de S\u00e3o Pedro, durante a Missa de encerramento dos tr\u00eas dias de Jubileu dedicados de forma especial aos Catequistas de toda a Igreja cat\u00f3lica. Sinal de uma presen\u00e7a significativa de catequistas portugueses na celebra\u00e7\u00e3o lit\u00fargica presidida pelo Papa Francisco que, no final da Missa e depois do \u00c2ngelus saudou directamente algumas pessoas e percorreu, de papam\u00f3vel, a Pra\u00e7a, causando grande emo\u00e7\u00e3o entre a multid\u00e3o de fi\u00e9is e de catequistas. <\/p>\n<p>Concei\u00e7\u00e3o, catequista portuguesa de Braga, diz que n\u00e3o \u00e9 pessoa para procurar estar perto a todo o custo, mas sentiu-se emocionada quando viu o Papa passar t\u00e3o perto.\u00a0 Al\u00e9m disso \u2013 sublinha -, a vinda a Roma, foi tamb\u00e9m uma ocasi\u00e3o para interagir com outros grupos de catequistas sobre os problemas que\u00a0 s\u00e3o muitos, variados e complexos -acrescenta por sua vez a irm\u00e3 Isolinda.<\/p>\n<p>Mas todas (Irene, Daniela, Alice, Cristina)\u00a0 foram un\u00e2nimes em afirmar que v\u00e3o renovadas e com mais energia para enfrentar as dificuldades que adv\u00eam das quest\u00f5es ligadas \u00e0 fam\u00edlia, \u00e0 escola, \u00e0 juventude de hoje e que se reflectem no ambiente da catequese.Felizmente, hoje, j\u00e1 h\u00e1 par\u00f3quias que t\u00eam catequese familiar.<\/p>\n<p>As palavras do Papa ajudaram a compreender que para l\u00e1 de tudo, o mais importante \u00e9 o carinho para com as crian\u00e7as. <\/p>\n<p>Oi\u00e7a aqui as palavras destas catequistas (por sinal todas mulheres) e saiba mais sobre esta tarefa que desempenham com ardor e que para muitas \u00e9 uma entrega total. <\/p>\n<p>(DA, na Pra\u00e7a de S\u00e3o Pedro)<\/p>\n<p style=\"text-align: justify;\">\u00a0<\/p>\n<p style=\"text-align: justify;\"><a href=\"http:\/\/media02.radiovaticana.va\/audio\/audio2\/mp3\/00549858.mp3\">Clique aqui para ouvir.<\/a><\/p>\n<p style=\"text-align: justify;\">\u00a0<\/p>\n<p style=\"text-align: justify;\">Fonte: R\u00e1dio Vaticano<\/p>\n","protected":false},"excerpt":{"rendered":"<p>Diversas bandeiras de Portugal desfraldavam, esta manh\u00e3, na Pra\u00e7a de S\u00e3o Pedro, durante a Missa de encerramento dos tr\u00eas dias de Jubileu dedicados de forma especial aos Catequistas de toda a Igreja cat\u00f3lica. Sinal de uma presen\u00e7a significativa de catequistas portugueses na celebra\u00e7\u00e3o lit\u00fargica presidida pelo Papa Francisco que, no final da Missa e depois [&hellip;]<\/p>\n","protected":false},"author":1,"featured_media":18216,"comment_status":"open","ping_status":"open","sticky":false,"template":"","format":"standard","meta":{"footnotes":""},"categories":[3],"tags":[],"class_list":["post-18217","post","type-post","status-publish","format-standard","has-post-thumbnail","hentry","category-vaticano"],"_links":{"self":[{"href":"https:\/\/catolicanet.net\/wp-cnet\/wp-json\/wp\/v2\/posts\/18217","targetHints":{"allow":["GET"]}}],"collection":[{"href":"https:\/\/catolicanet.net\/wp-cnet\/wp-json\/wp\/v2\/posts"}],"about":[{"href":"https:\/\/catolicanet.net\/wp-cnet\/wp-json\/wp\/v2\/types\/post"}],"author":[{"embeddable":true,"href":"https:\/\/catolicanet.net\/wp-cnet\/wp-json\/wp\/v2\/users\/1"}],"replies":[{"embeddable":true,"href":"https:\/\/catolicanet.net\/wp-cnet\/wp-json\/wp\/v2\/comments?post=18217"}],"version-history":[{"count":1,"href":"https:\/\/catolicanet.net\/wp-cnet\/wp-json\/wp\/v2\/posts\/18217\/revisions"}],"predecessor-version":[{"id":27492,"href":"https:\/\/catolicanet.net\/wp-cnet\/wp-json\/wp\/v2\/posts\/18217\/revisions\/27492"}],"wp:featuredmedia":[{"embeddable":true,"href":"https:\/\/catolicanet.net\/wp-cnet\/wp-json\/wp\/v2\/media\/18216"}],"wp:attachment":[{"href":"https:\/\/catolicanet.net\/wp-cnet\/wp-json\/wp\/v2\/media?parent=18217"}],"wp:term":[{"taxonomy":"category","embeddable":true,"href":"https:\/\/catolicanet.net\/wp-cnet\/wp-json\/wp\/v2\/categories?post=18217"},{"taxonomy":"post_tag","embeddable":true,"href":"https:\/\/catolicanet.net\/wp-cnet\/wp-json\/wp\/v2\/tags?post=18217"}],"curies":[{"name":"wp","href":"https:\/\/api.w.org\/{rel}","templated":true}]}}