{"id":18170,"date":"2016-09-23T17:39:40","date_gmt":"2016-09-23T20:39:40","guid":{"rendered":"http:\/\/catolicanet.net\/wp-cnet\/2016\/09\/23\/cinco-fatos-que-talvez-voce-nao-saiba-sobre-o-padre-pio-e-seu-anjo-da-guarda\/"},"modified":"2017-05-30T16:39:30","modified_gmt":"2017-05-30T19:39:30","slug":"cinco-fatos-que-talvez-voce-nao-saiba-sobre-o-padre-pio-e-seu-anjo-da-guarda","status":"publish","type":"post","link":"https:\/\/catolicanet.net\/wp-cnet\/cinco-fatos-que-talvez-voce-nao-saiba-sobre-o-padre-pio-e-seu-anjo-da-guarda\/","title":{"rendered":"Cinco fatos que talvez voc\u00ea n\u00e3o saiba sobre o Padre Pio e seu anjo da guarda"},"content":{"rendered":"<p style=\"text-align: justify;\"><img decoding=\"async\" src=\"http:\/\/www.catolicanet.com.br\/images\/stories\/piopietrelcina_070116.jpg\" border=\"0\" align=\"left\" \/>LIMA, 23 Set. 16 \/ 12:00 pm (ACI).- Hoje a Igreja celebra a festa de S\u00e3o Pio de Pietrelcina, o sacerdote dos estigmas e um santo que tinha muita devo\u00e7\u00e3o e proximidade ao seu anjo da guarda.<\/p>\n<p>Confira a seguir cinco fatos que voc\u00ea talvez n\u00e3o soubesse sobre o Pe. Pio e os anjos:<\/p>\n<p>1. Achava que todos podiam ver seus anjos da guarda<\/p>\n<p>Segundo a Obra dos Santos Anjos, associa\u00e7\u00e3o cat\u00f3lica que difunde entre os fi\u00e9is a devo\u00e7\u00e3o dos santos Anjos e possui estatutos pr\u00f3prios aprovados pela Santa S\u00e9, diz-se que quando o Pe. Pio ainda era muito pequeno come\u00e7ou a ter vis\u00f5es do seu anjo da guarda, de Jesus e Maria. Sua m\u00e3e disse que ele pensava que todo mundo podia v\u00ea-los.<\/p>\n<p>2. Juntos contra o dem\u00f4nio<\/p>\n<p>Em certas ocasi\u00f5es, o dem\u00f4nio manchava as cartas que seu confessor lhe enviava e seguindo o conselho do seu anjo da guarda, quando chegava uma carta, antes de abri-la, o santo a aspergia com \u00e1gua benta e desta maneira podia l\u00ea-las.<\/p>\n<p>\u201cO companheiro de minha inf\u00e2ncia tenta suavizar as dores que me causavam aqueles impuros ap\u00f3statas embalando meu esp\u00edrito como sinal de esperan\u00e7a\u201d (Carta. I,321), destacava o santo sacerdote referindo-se ao seu anjo da guarda.<\/p>\n<p>N\u00e3o obstante, certa vez o dem\u00f4nio estava batendo no Pe. Pio e o santo chamou v\u00e1rias vezes em voz alta seu anjo da guarda, mas foi in\u00fatil. Em seguida, quando o anjo apareceu a consol\u00e1-lo, Pe. Pio zangado lhe perguntou por que n\u00e3o o socorreu.<\/p>\n<p>O anjo lhe respondeu: \u201cJesus permite estes assaltos do diabo porque Sua compaix\u00e3o te fa\u00e7a querido dEle e queria que te assemelhasses com isso ao deserto, o jardim e a cruz\u201d (Carta I, 113).<\/p>\n<p>3. Traduzia as cartas<\/p>\n<p>Quando recebia alguma carta escrita em franc\u00eas, o anjo da guarda a traduzia. Uma vez, Pe. Pio escreveu: \u201cSe a miss\u00e3o de nosso anjo da guarda \u00e9 importante, a do meu com certeza \u00e9 maior, porque tamb\u00e9m deve ser professor na tradu\u00e7\u00e3o de outras l\u00ednguas\u201d (Carta I,304).<\/p>\n<p>4. Seu anjo o despertava e rezava com ele<\/p>\n<p>Narrava o Santo capuchinho: \u201cDe noite, fechava meus olhos, via descer o v\u00e9u e abrir-se diante de mim o para\u00edso; e, consolado por esta vis\u00e3o, durmo com um sorriso doce e feliz nos l\u00e1bios e com uma grande tranquilidade no meu semblante, esperando que meu pequeno companheiro de inf\u00e2ncia venha despertar-me e, desta forma, rezar juntos as ora\u00e7\u00f5es matutinas ao amado de nossos cora\u00e7\u00f5es\u201d (Carta I,308).<\/p>\n<p>5. Falava com outros anjos da guarda<\/p>\n<p>\u201cSe precisarem de mim \u2013 repetia o santo aos seus filhos espirituais \u2013, podem me mandar seu anjo da guarda\u201d. Certo dia, Frei Alessio Parente (Frei menor capuchinho) aproximou-se de Pe. Pio com algumas cartas na m\u00e3o a fim de fazer-lhes algumas perguntas e o Pe. Pio n\u00e3o p\u00f4de atend\u00ea-lo.<\/p>\n<p>Em seguida, o sacerdote dos estigmas o chamou e disse: \u201cN\u00e3o viu todos aqueles anjos que estavam aqui ao meu redor? Eram os anjos da guarda dos meus filhos espirituais que vieram trazer-me suas mensagens. Tive que responder-lhes rapidamente\u201d.<\/p>\n<p>O venerado Pe. Pio de Pietrelcina sempre reconheceu e agradeceu a miss\u00e3o do anjo da guarda como \u201cmensageiro\u201d e por isso recomendava a devo\u00e7\u00e3o a eles.<\/p>\n<p style=\"text-align: justify;\">\u00a0<\/p>\n<p style=\"text-align: justify;\">Fonte: Acidigital<\/p>\n","protected":false},"excerpt":{"rendered":"<p>LIMA, 23 Set. 16 \/ 12:00 pm (ACI).- Hoje a Igreja celebra a festa de S\u00e3o Pio de Pietrelcina, o sacerdote dos estigmas e um santo que tinha muita devo\u00e7\u00e3o e proximidade ao seu anjo da guarda. Confira a seguir cinco fatos que voc\u00ea talvez n\u00e3o soubesse sobre o Pe. Pio e os anjos: 1. [&hellip;]<\/p>\n","protected":false},"author":1,"featured_media":18169,"comment_status":"open","ping_status":"open","sticky":false,"template":"","format":"standard","meta":{"footnotes":""},"categories":[4],"tags":[],"class_list":["post-18170","post","type-post","status-publish","format-standard","has-post-thumbnail","hentry","category-cotidiano"],"_links":{"self":[{"href":"https:\/\/catolicanet.net\/wp-cnet\/wp-json\/wp\/v2\/posts\/18170","targetHints":{"allow":["GET"]}}],"collection":[{"href":"https:\/\/catolicanet.net\/wp-cnet\/wp-json\/wp\/v2\/posts"}],"about":[{"href":"https:\/\/catolicanet.net\/wp-cnet\/wp-json\/wp\/v2\/types\/post"}],"author":[{"embeddable":true,"href":"https:\/\/catolicanet.net\/wp-cnet\/wp-json\/wp\/v2\/users\/1"}],"replies":[{"embeddable":true,"href":"https:\/\/catolicanet.net\/wp-cnet\/wp-json\/wp\/v2\/comments?post=18170"}],"version-history":[{"count":1,"href":"https:\/\/catolicanet.net\/wp-cnet\/wp-json\/wp\/v2\/posts\/18170\/revisions"}],"predecessor-version":[{"id":25184,"href":"https:\/\/catolicanet.net\/wp-cnet\/wp-json\/wp\/v2\/posts\/18170\/revisions\/25184"}],"wp:featuredmedia":[{"embeddable":true,"href":"https:\/\/catolicanet.net\/wp-cnet\/wp-json\/wp\/v2\/media\/18169"}],"wp:attachment":[{"href":"https:\/\/catolicanet.net\/wp-cnet\/wp-json\/wp\/v2\/media?parent=18170"}],"wp:term":[{"taxonomy":"category","embeddable":true,"href":"https:\/\/catolicanet.net\/wp-cnet\/wp-json\/wp\/v2\/categories?post=18170"},{"taxonomy":"post_tag","embeddable":true,"href":"https:\/\/catolicanet.net\/wp-cnet\/wp-json\/wp\/v2\/tags?post=18170"}],"curies":[{"name":"wp","href":"https:\/\/api.w.org\/{rel}","templated":true}]}}