{"id":18168,"date":"2023-09-23T00:00:17","date_gmt":"2023-09-23T03:00:17","guid":{"rendered":"http:\/\/catolicanet.net\/wp-cnet\/2016\/09\/23\/hoje-celebramos-sao-pio-de-pietrelcina-o-santo-dos-estigmas\/"},"modified":"2023-01-02T17:19:47","modified_gmt":"2023-01-02T20:19:47","slug":"hoje-celebramos-sao-pio-de-pietrelcina-o-santo-dos-estigmas","status":"publish","type":"post","link":"https:\/\/catolicanet.net\/wp-cnet\/hoje-celebramos-sao-pio-de-pietrelcina-o-santo-dos-estigmas\/","title":{"rendered":"S\u00e3o Pio de Pietrelcina"},"content":{"rendered":"<p style=\"text-align: justify;\">\u201cOh Jesus, meu suspiro e minha vida, pe\u00e7o-te que fa\u00e7a de mim um sacerdote santo e uma v\u00edtima perfeita\u201d, escreveu uma vez S\u00e3o Pio da Pietrelcina, cuja festa se celebra hoje. Sua ora\u00e7\u00e3o foi escutada e lhe foi concedido o dom dos estigmas.<\/p>\n<p>Durante sua vida, Deus o dotou de muitos dons, como o discernimento extraordin\u00e1rio que lhe permitiu ler os cora\u00e7\u00f5es e as consci\u00eancias. Por isso, muitos fi\u00e9is iam se confessar com ele.<\/p>\n<p>Outros dons foram o da profecia para poder anunciar eventos do futuro, as curas milagrosas com a ora\u00e7\u00e3o, a biloca\u00e7\u00e3o, que lhe permitiu estar em dois lugares ao mesmo tempo, e o perfume que exala das chagas dos estigmas.<\/p>\n<p>Padre Pio nasceu em Pietrelcina, It\u00e1lia, em 25 de maio de 1887. Seu nome era Francisco Forgione e tomou o nome de Frei Pio da Pietrelcina em honra a S\u00e3o Pio V, quando recebeu o h\u00e1bito de Franciscano.<\/p>\n<p>Aos cinco anos lhe apareceu o Sagrado Cora\u00e7\u00e3o do Jesus, que posou sua m\u00e3o sobre a cabe\u00e7a do menino. O pequeno, por sua vez, prometeu a S\u00e3o Francisco que seria um fiel seguidor dele. Desde ent\u00e3o, sua vida ficou marcada e come\u00e7ou a ter apari\u00e7\u00f5es da Sant\u00edssima Virgem.<\/p>\n<p>Preferia passar o tempo em ora\u00e7\u00e3o e estudo porque entendia o sacrif\u00edcio que seus pais faziam para que recebesse uma boa forma\u00e7\u00e3o.<\/p>\n<p>Aos 15 anos, decidiu ingressar na Ordem Franciscana de Morcone e teve vis\u00f5es do Senhor em que lhe mostrou as lutas que teria que passar contra o dem\u00f4nio. \u201cEu estarei te protegendo, te ajudando, sempre a seu lado at\u00e9 o fim do mundo\u201d, disse-lhe Jesus Cristo.<\/p>\n<p>Em 10 de agosto de 1910, foi ordenado sacerdote. Pouco tempo depois voltaram as febres e as dores que o afligiam. Ent\u00e3o, foi enviado a Pietrelcina para que restabelecesse sua sa\u00fade.<\/p>\n<p>Em 1916, visitou o Mosteiro de S\u00e3o Giovanni Rotondo. O Padre Provincial, ao ver que sua sa\u00fade tinha melhorado, mandou-lhe retornar a esse convento onde recebeu a gra\u00e7a dos estigmas.<\/p>\n<p>\u201cEra a manh\u00e3 de 20 de setembro de 1918. Eu estava no coro fazendo a ora\u00e7\u00e3o de a\u00e7\u00e3o de gra\u00e7as da Missa\u2026 me apareceu Cristo que sangrava por toda parte. De seu corpo chagado sa\u00edam raios de luz que mais pareciam flechas que me feriam os p\u00e9s, as m\u00e3os e o lado\u201d, descreveu Padre Pio a seu diretor espiritual.<\/p>\n<p>\u201cQuando voltei a mim, encontrei-me no ch\u00e3o e com chagas. As m\u00e3os, os p\u00e9s e o lado sangravam e me do\u00edam at\u00e9 me fazer perder todas as for\u00e7as para me levantar. Sentia-me morrer, e teria morrido se o Senhor n\u00e3o tivesse vindo me sustentar o cora\u00e7\u00e3o que sentia palpitar fortemente em meu peito. Arrastei-me at\u00e9 a cela. Recostei-me e rezei, olhei outra vez minhas chagas e chorei, elevando hinos de agradecimento a Deus\u201d, acrescentou.<\/p>\n<p>Certo dia, uma av\u00f3 lhe levou a sua neta chamada Gema, que tinha nascido sem pupilas. Padre Pio a aben\u00e7oou e fez o sinal da cruz sobre seus olhos. A menina recuperou a vista, sem necessidade de ter pupilas. Mais adiante, Gema ingressou na vida religiosa.<\/p>\n<p>Em 9 de janeiro de 1940, animou seus grandes amigos espirituais a fundar um hospital que se chamaria \u201cCasa Al\u00edvio do Sofrimento\u201d, a qual foi inaugurada em 5 de maio de 1956, com a finalidade de curar as doen\u00e7as f\u00edsicas e espirituais.<\/p>\n<p>Segundo fontes que n\u00e3o se puderam confirmar, S\u00e3o Jo\u00e3o Paulo II sendo um jovem sacerdote visitava Padre Pio para confessar-se e, em uma dessas ocasi\u00f5es, estando em transe, disse ao futuro Supremo Pont\u00edfice: \u201cVais ser Papa\u201d.<\/p>\n<p>Padre Pio retornou \u00e0 Casa do Pai em 23 de setembro de 1968, enquanto murmurava: \u201cJesus, Maria!\u201d.<\/p>\n<p>S\u00e3o Jo\u00e3o Paulo II, durante sua canoniza\u00e7\u00e3o em 16 de junho do 2002, disse: \u201cOra\u00e7\u00e3o e caridade, esta \u00e9 uma s\u00edntese extremamente concreta do ensinamento de Padre Pio, que hoje volta a propor todos\u201d.<\/p>\n<p style=\"text-align: justify;\">S\u00e3o Pio de Pietrelcina, rogai por n\u00f3s!<\/p>\n","protected":false},"excerpt":{"rendered":"<p>\u201cOh Jesus, meu suspiro e minha vida, pe\u00e7o-te que fa\u00e7a de mim um sacerdote santo e uma v\u00edtima perfeita\u201d, escreveu uma vez S\u00e3o Pio da Pietrelcina, cuja festa se celebra hoje. Sua ora\u00e7\u00e3o foi escutada e lhe foi concedido o dom dos estigmas. Durante sua vida, Deus o dotou de muitos dons, como o discernimento [&hellip;]<\/p>\n","protected":false},"author":1,"featured_media":22774,"comment_status":"open","ping_status":"open","sticky":false,"template":"","format":"standard","meta":{"footnotes":""},"categories":[32],"tags":[],"class_list":["post-18168","post","type-post","status-publish","format-standard","has-post-thumbnail","hentry","category-santo-do-dia"],"_links":{"self":[{"href":"https:\/\/catolicanet.net\/wp-cnet\/wp-json\/wp\/v2\/posts\/18168","targetHints":{"allow":["GET"]}}],"collection":[{"href":"https:\/\/catolicanet.net\/wp-cnet\/wp-json\/wp\/v2\/posts"}],"about":[{"href":"https:\/\/catolicanet.net\/wp-cnet\/wp-json\/wp\/v2\/types\/post"}],"author":[{"embeddable":true,"href":"https:\/\/catolicanet.net\/wp-cnet\/wp-json\/wp\/v2\/users\/1"}],"replies":[{"embeddable":true,"href":"https:\/\/catolicanet.net\/wp-cnet\/wp-json\/wp\/v2\/comments?post=18168"}],"version-history":[{"count":3,"href":"https:\/\/catolicanet.net\/wp-cnet\/wp-json\/wp\/v2\/posts\/18168\/revisions"}],"predecessor-version":[{"id":22775,"href":"https:\/\/catolicanet.net\/wp-cnet\/wp-json\/wp\/v2\/posts\/18168\/revisions\/22775"}],"wp:featuredmedia":[{"embeddable":true,"href":"https:\/\/catolicanet.net\/wp-cnet\/wp-json\/wp\/v2\/media\/22774"}],"wp:attachment":[{"href":"https:\/\/catolicanet.net\/wp-cnet\/wp-json\/wp\/v2\/media?parent=18168"}],"wp:term":[{"taxonomy":"category","embeddable":true,"href":"https:\/\/catolicanet.net\/wp-cnet\/wp-json\/wp\/v2\/categories?post=18168"},{"taxonomy":"post_tag","embeddable":true,"href":"https:\/\/catolicanet.net\/wp-cnet\/wp-json\/wp\/v2\/tags?post=18168"}],"curies":[{"name":"wp","href":"https:\/\/api.w.org\/{rel}","templated":true}]}}