{"id":18159,"date":"2016-09-22T19:19:05","date_gmt":"2016-09-22T22:19:05","guid":{"rendered":"http:\/\/catolicanet.net\/wp-cnet\/2016\/09\/22\/lancamento-da-editora-ave-maria-convida-os-leitores-a-viverem-o-carisma-de-sao-francisco-de-assis\/"},"modified":"2017-05-30T16:39:31","modified_gmt":"2017-05-30T19:39:31","slug":"lancamento-da-editora-ave-maria-convida-os-leitores-a-viverem-o-carisma-de-sao-francisco-de-assis","status":"publish","type":"post","link":"https:\/\/catolicanet.net\/wp-cnet\/lancamento-da-editora-ave-maria-convida-os-leitores-a-viverem-o-carisma-de-sao-francisco-de-assis\/","title":{"rendered":"Lan\u00e7amento da Editora Ave-Maria convida os leitores a viverem o carisma de S\u00e3o Francisco de Assis"},"content":{"rendered":"<p style=\"text-align: justify;\"><img decoding=\"async\" src=\"http:\/\/www.catolicanet.com.br\/images\/stories\/noticias\/o pobre de assis.jpg\" border=\"0\" align=\"left\" \/>Em &#8220;O Pobre de Assis&#8221;, o padre Benedito Carlos Alves dos Santos mostra o poder da espiritualidade franciscana para os crist\u00e3os<\/p>\n<p style=\"text-align: justify;\">\u201cComece fazendo o necess\u00e1rio, depois o que \u00e9 poss\u00edvel, em breve estar\u00e1s fazendo o imposs\u00edvel\u201d. (S\u00e3o Francisco de Assis)<\/p>\n<p style=\"text-align: justify;\">No dia 4 de outubro, comemora-se o Dia de S\u00e3o Francisco de Assis. E o livro \u201cO Pobre de Assis \u2013 Uma vida para Cristo e os irm\u00e3os\u201d, lan\u00e7amento da Editora Ave-Maria, \u00e9 uma leitura ideal n\u00e3o s\u00f3 aos que s\u00e3o devotos do santo, mas tamb\u00e9m a qualquer leitor que tenha curiosidade em saber mais sobre o santo dos pobres e padroeiro dos animais.<\/p>\n<p style=\"text-align: justify;\">A obra prop\u00f5e o aprofundamento na espiritualidade franciscana, e permite ao leitor encontrar um caminho de simplicidade interior para seguir Jesus, passo a passo, ao longo da vida. O objetivo \u00e9 lembrar que a verdadeira humildade continua sendo um caminho aut\u00eantico e seguro para ser um disc\u00edpulo de Cristo.<\/p>\n<p style=\"text-align: justify;\">\u201cS\u00e3o Francisco de Assis reflete em seu rosto o olhar de todos n\u00f3s. Do seu encontro consigo mesmo, conseguiu fazer a mais profunda experi\u00eancia de Deus. Sua vida foi e continua sendo fonte de inspira\u00e7\u00e3o para tantos homens e mulheres de boa vontade que, percebendo a beleza emanada do amor, desejam experimentar tamb\u00e9m a verdadeira alegria, a mesma encontrada nestas p\u00e1ginas, as quais nos apresentam a vida do grande santo de Assis que, mesmo depois de oito s\u00e9culos, continua a inspirar os cora\u00e7\u00f5es mais sens\u00edveis \u00e0 gra\u00e7a de Deus.\u201d<\/p>\n<p style=\"text-align: justify;\">No in\u00edcio da obra, \u00e9 apresentada brevemente a vida de S\u00e3o Francisco de Assis. Com o h\u00e1bito da prega\u00e7\u00e3o itinerante, quando os religiosos de seu tempo costumavam fixar-se em mosteiros, e com sua cren\u00e7a de que o Evangelho devia ser seguido \u00e0 risca, imitando-se a vida de Cristo, ele fundou a Ordem dos Frades Menores, mais conhecidos como Franciscanos, que renovaram o Catolicismo de seu tempo.<\/p>\n<p style=\"text-align: justify;\">No livro, o autor tamb\u00e9m mostra que ainda hoje \u00e9 poss\u00edvel fazer a experi\u00eancia da \u201cpobreza franciscana\u201d, que n\u00e3o \u00e9 outra coisa sen\u00e3o uma viv\u00eancia aut\u00eantica do Evangelho. Com isso, leva-nos a entender que o Evangelho n\u00e3o \u00e9 privil\u00e9gio de uma elite de san\u00actos, mas uma proposta para toda alma humana.<\/p>\n<p style=\"text-align: justify;\">\u00a0<\/p>\n<p style=\"text-align: justify;\">Ficha t\u00e9cnica:<br \/>Autor: Padre Benedito Carlos Alves dos Santos <br \/>I.S.B.N.: 978-85-276-1592-1<br \/>Formato: 12&#215;18 cm<br \/>N\u00famero de P\u00e1ginas: 80\u00a0 <br \/>Pre\u00e7o Sugerido: R$ 16,90<\/p>\n<p style=\"text-align: justify;\">Sobre o autor: <br \/>Pe. Benedito Carlos Alves dos Santos nasceu em Flora\u00ed\/PR, \u00e9 mestre em Direito Can\u00f4nico, psic\u00f3logo, especialista em sa\u00fade mental para equipes multiprofissionais e psicologia jur\u00eddica, al\u00e9m de p\u00e1roco na diocese de Santo Amaro\/SP e perito no Tribunal Eclesi\u00e1stico de S\u00e3o Paulo\/SP.<\/p>\n","protected":false},"excerpt":{"rendered":"<p>Em &#8220;O Pobre de Assis&#8221;, o padre Benedito Carlos Alves dos Santos mostra o poder da espiritualidade franciscana para os crist\u00e3os \u201cComece fazendo o necess\u00e1rio, depois o que \u00e9 poss\u00edvel, em breve estar\u00e1s fazendo o imposs\u00edvel\u201d. (S\u00e3o Francisco de Assis) No dia 4 de outubro, comemora-se o Dia de S\u00e3o Francisco de Assis. E o [&hellip;]<\/p>\n","protected":false},"author":1,"featured_media":18158,"comment_status":"open","ping_status":"open","sticky":false,"template":"","format":"standard","meta":{"footnotes":""},"categories":[4],"tags":[],"class_list":["post-18159","post","type-post","status-publish","format-standard","has-post-thumbnail","hentry","category-cotidiano"],"_links":{"self":[{"href":"https:\/\/catolicanet.net\/wp-cnet\/wp-json\/wp\/v2\/posts\/18159","targetHints":{"allow":["GET"]}}],"collection":[{"href":"https:\/\/catolicanet.net\/wp-cnet\/wp-json\/wp\/v2\/posts"}],"about":[{"href":"https:\/\/catolicanet.net\/wp-cnet\/wp-json\/wp\/v2\/types\/post"}],"author":[{"embeddable":true,"href":"https:\/\/catolicanet.net\/wp-cnet\/wp-json\/wp\/v2\/users\/1"}],"replies":[{"embeddable":true,"href":"https:\/\/catolicanet.net\/wp-cnet\/wp-json\/wp\/v2\/comments?post=18159"}],"version-history":[{"count":1,"href":"https:\/\/catolicanet.net\/wp-cnet\/wp-json\/wp\/v2\/posts\/18159\/revisions"}],"predecessor-version":[{"id":25185,"href":"https:\/\/catolicanet.net\/wp-cnet\/wp-json\/wp\/v2\/posts\/18159\/revisions\/25185"}],"wp:featuredmedia":[{"embeddable":true,"href":"https:\/\/catolicanet.net\/wp-cnet\/wp-json\/wp\/v2\/media\/18158"}],"wp:attachment":[{"href":"https:\/\/catolicanet.net\/wp-cnet\/wp-json\/wp\/v2\/media?parent=18159"}],"wp:term":[{"taxonomy":"category","embeddable":true,"href":"https:\/\/catolicanet.net\/wp-cnet\/wp-json\/wp\/v2\/categories?post=18159"},{"taxonomy":"post_tag","embeddable":true,"href":"https:\/\/catolicanet.net\/wp-cnet\/wp-json\/wp\/v2\/tags?post=18159"}],"curies":[{"name":"wp","href":"https:\/\/api.w.org\/{rel}","templated":true}]}}