{"id":18157,"date":"2016-09-22T18:36:57","date_gmt":"2016-09-22T21:36:57","guid":{"rendered":"http:\/\/catolicanet.net\/wp-cnet\/2016\/09\/22\/o-prefacio-do-padre-bergoglio-em-livro-de-poesia\/"},"modified":"2017-06-02T11:29:45","modified_gmt":"2017-06-02T14:29:45","slug":"o-prefacio-do-padre-bergoglio-em-livro-de-poesia","status":"publish","type":"post","link":"https:\/\/catolicanet.net\/wp-cnet\/o-prefacio-do-padre-bergoglio-em-livro-de-poesia\/","title":{"rendered":"O Pref\u00e1cio do Padre Bergoglio em livro de poesia"},"content":{"rendered":"<p style=\"text-align: justify;\"><img decoding=\"async\" src=\"http:\/\/www.catolicanet.com.br\/images\/stories\/papas\/epa1120785_articolo.jpg\" border=\"0\" align=\"left\" \/>Cidade do vaticano (RV) \u2013 Em 19 de setembro de 2016 faleceu o Padre Osvaldo Pol, jesu\u00edta argentino e poeta.<\/p>\n<p>O ent\u00e3o Reitor do Col\u00e9gio M\u00e1ximo San Jos\u00e9 era Padre Jorge Mario Bergoglio, que escreveu o breve pref\u00e1cio de uma colet\u00e2nea de poesias do Padre Pol intitulada \u201cDe destierros y moradas\u201d.<\/p>\n<p>O texto, at\u00e9 agora in\u00e9dito, foi traduzido e publicado pelo Padre Antonio Spadaro SJ &#8211; Diretor da revista dos jesu\u00edtas \u201cLa Civilt\u00e0 Cattolica\u201d \u2013 em seu blog Cyber Teologia.<\/p>\n<p>\u201cPadre Osvaldo Pol, jesu\u00edta, ex-aluno e hoje professor, escreveu quase todos estes sonetos aqui, em sua casa. Alguns j\u00e1 foram publicados, outros aparecem pela primeira vez\u201d, escrevia o Padre Bergoglio.<\/p>\n<p>\u201cAs faculdades de Filosofia e Teologia tem a alegria de apresentar este livro de sonetos onde, em linguagem po\u00e9tica, se manifesta a sabedoria teol\u00f3gica, que \u00e9 o fruto mais apreciado pela Comapnhia de Jesus no seu compromisso acad\u00eamico. Pode parecer paradoxal que um poeta fale, com linguagem da terra, de exilados da terra. Pode parecer paradoxal, mas n\u00e3o o \u00e9, porque a palavra po\u00e9tica tem morada de carne no cora\u00e7\u00e3o do homem e, ao mesmo tempo, sente o peso de asas que ainda n\u00e3o levantaram voo. \u00c1rduo dilema, este, que Santa Teresa expressa poeticamente e misticamente: \u201cComo \u00e9 \u00e1rduo este ex\u00edlio!\u201d.<\/p>\n<p>Assinado em 20 de junho de 1981, por \u201cJorge Mario Bergoglio, SI Reitor\u201d.<\/p>\n<p style=\"text-align: justify;\">\u00a0<\/p>\n<p style=\"text-align: justify;\">Fonte: R\u00e1dio Vaticano<\/p>\n","protected":false},"excerpt":{"rendered":"<p>Cidade do vaticano (RV) \u2013 Em 19 de setembro de 2016 faleceu o Padre Osvaldo Pol, jesu\u00edta argentino e poeta. O ent\u00e3o Reitor do Col\u00e9gio M\u00e1ximo San Jos\u00e9 era Padre Jorge Mario Bergoglio, que escreveu o breve pref\u00e1cio de uma colet\u00e2nea de poesias do Padre Pol intitulada \u201cDe destierros y moradas\u201d. O texto, at\u00e9 agora [&hellip;]<\/p>\n","protected":false},"author":1,"featured_media":18156,"comment_status":"open","ping_status":"open","sticky":false,"template":"","format":"standard","meta":{"footnotes":""},"categories":[3],"tags":[],"class_list":["post-18157","post","type-post","status-publish","format-standard","has-post-thumbnail","hentry","category-vaticano"],"_links":{"self":[{"href":"https:\/\/catolicanet.net\/wp-cnet\/wp-json\/wp\/v2\/posts\/18157","targetHints":{"allow":["GET"]}}],"collection":[{"href":"https:\/\/catolicanet.net\/wp-cnet\/wp-json\/wp\/v2\/posts"}],"about":[{"href":"https:\/\/catolicanet.net\/wp-cnet\/wp-json\/wp\/v2\/types\/post"}],"author":[{"embeddable":true,"href":"https:\/\/catolicanet.net\/wp-cnet\/wp-json\/wp\/v2\/users\/1"}],"replies":[{"embeddable":true,"href":"https:\/\/catolicanet.net\/wp-cnet\/wp-json\/wp\/v2\/comments?post=18157"}],"version-history":[{"count":1,"href":"https:\/\/catolicanet.net\/wp-cnet\/wp-json\/wp\/v2\/posts\/18157\/revisions"}],"predecessor-version":[{"id":27502,"href":"https:\/\/catolicanet.net\/wp-cnet\/wp-json\/wp\/v2\/posts\/18157\/revisions\/27502"}],"wp:featuredmedia":[{"embeddable":true,"href":"https:\/\/catolicanet.net\/wp-cnet\/wp-json\/wp\/v2\/media\/18156"}],"wp:attachment":[{"href":"https:\/\/catolicanet.net\/wp-cnet\/wp-json\/wp\/v2\/media?parent=18157"}],"wp:term":[{"taxonomy":"category","embeddable":true,"href":"https:\/\/catolicanet.net\/wp-cnet\/wp-json\/wp\/v2\/categories?post=18157"},{"taxonomy":"post_tag","embeddable":true,"href":"https:\/\/catolicanet.net\/wp-cnet\/wp-json\/wp\/v2\/tags?post=18157"}],"curies":[{"name":"wp","href":"https:\/\/api.w.org\/{rel}","templated":true}]}}