{"id":18142,"date":"2016-09-22T16:48:51","date_gmt":"2016-09-22T19:48:51","guid":{"rendered":"http:\/\/catolicanet.net\/wp-cnet\/2016\/09\/22\/cardeal-colombiano-acordo-de-paz-com-as-farc-nao-pode-ignorar-a-verdade-e-a-justica\/"},"modified":"2017-05-29T15:41:33","modified_gmt":"2017-05-29T18:41:33","slug":"cardeal-colombiano-acordo-de-paz-com-as-farc-nao-pode-ignorar-a-verdade-e-a-justica","status":"publish","type":"post","link":"https:\/\/catolicanet.net\/wp-cnet\/cardeal-colombiano-acordo-de-paz-com-as-farc-nao-pode-ignorar-a-verdade-e-a-justica\/","title":{"rendered":"Cardeal colombiano: Acordo de paz com as FARC n\u00e3o pode ignorar a verdade e a justi\u00e7a"},"content":{"rendered":"<p style=\"text-align: justify;\"><img decoding=\"async\" src=\"http:\/\/www.catolicanet.com.br\/images\/stories\/cardeais\/cardenaldariocastrillonhoyos_a.jpg\" border=\"0\" align=\"left\" \/>ROMA, (ACI).- O Cardeal Dar\u00edo Castrill\u00f3n, Prefeito em\u00e9rito da Congrega\u00e7\u00e3o para o Clero, assinalou que o Acordo de Paz entre o governo da Col\u00f4mbia e a guerrilha das FARC \u00e9 algo que \u201cnos entusiasma\u201d, mas n\u00e3o pode estar isento da verdade e da justi\u00e7a.<\/p>\n<p>Assim indicou no \u00faltimo dia 20 de setembro o tamb\u00e9m Presidente Em\u00e9rito da Pontif\u00edcia Comiss\u00e3o Ecclesia Dei \u2013 institu\u00edda para o di\u00e1logo com a Fraternidade fundada pelo arcebispo Marcel Lefebvre (lefebvristas) \u2013 em di\u00e1logo com o Grupo ACI na cidade de Roma, onde vive.<\/p>\n<p>O Purpurado comentou acerca da pr\u00f3xima assinatura do protocolo do Acordo de Paz, entre o governo e as FARC, que resolve conflito interno de mais de 50 anos na Col\u00f4mbia e que o Presidente Juan Manuel Santos apresentou nesta quarta-feira perante a ONU.<\/p>\n<p>O evento da assinatura do Acordo de 297 p\u00e1ginas acontecer\u00e1 na cidade de Cartagena, na segunda-feira, 26 de setembro, no qual estar\u00e1 presente o Secret\u00e1rio de Estado do Vaticano, Cardeal Pietro Parolin, e no dia 2 de outubro ser\u00e1 submetido a um plebiscito em todo o pa\u00eds.<\/p>\n<p>O Cardeal Castrill\u00f3n disse ao Grupo ACI que \u201cdesde que era seminarista, sobretudo durante a minha vida sacerdotal, per\u00edodo no qual conheci alguns santos como Jo\u00e3o Paulo II, como a Madre Teresa (\u2026) sabia que o melhor para um homem \u00e9 chegar a descobrir verdadeiramente que \u00e9 Filho de Deus. E em uma fam\u00edlia na qual todos s\u00e3o filhos de Deus Pai, deve haver mais harmonia: por isso a palavra paz nos entusiasma\u201d.<\/p>\n<p>\u201cMas eu uno a palavra paz com Jesus: n\u00e3o os dou a minha paz como a d\u00e1 o mundo. A paz do Senhor \u00e9 diferente, a paz do Senhor n\u00e3o \u00e9 um tratado, a paz do Senhor \u00e9 um amor vivido atrav\u00e9s do qual Ele nos comunica a harmonia interna das tr\u00eas pessoas divinas: Pai, Filho e Esp\u00edrito Santo, de uma fam\u00edlia divina que nos ajuda a viver nessa paz\u201d.<\/p>\n<p>Deste modo, o Cardeal sublinhou que \u201ca paz nunca deve estar separada da verdade. Pois o filho de Deus criou o mundo para o bem de todos, a paz nunca pode estar separada da justi\u00e7a, que \u00e9 dar a cada um o que lhe pertence, e n\u00e3o lhe pertence um pedacinho do mundo porque \u00e9 filho de Deus. \u2018Reconheceram-lhe isso? Deram-lhe isso? Ou ao assin\u00e1-lo est\u00e3o passando por cima desse reconhecimento? \u2019\u201d.<\/p>\n<p>Depois de ressaltar que a assinatura do Acordo de paz n\u00e3o deve servir para \u201cconseguir benef\u00edcios pol\u00edticos\u201d, o Prefeito Em\u00e9rito afirmou: \u201cnos alegramos, porque finalmente, entre tantas coisas negativas, este tratado pode ser algo positivo\u201d.<\/p>\n<p>Em seguida, o Cardeal encorajou a renunciar definitivamente \u00e0s armas para poder seguir em frente neste processo de paz.<\/p>\n<p>A respeito deste Acordo, o Papa Francisco reiterou recentemente seu \u201capoio ao objetivo de alcan\u00e7ar a conc\u00f3rdia e a reconcilia\u00e7\u00e3o de todo o povo colombiano, \u00e0 luz dos direitos humanos e dos valores crist\u00e3os que est\u00e3o no centro da cultura latino-americana\u201d.<\/p>\n<p>Francisco tamb\u00e9m encomendou \u201co processo de paz na Col\u00f4mbia \u00e0 materna prote\u00e7\u00e3o da Santa M\u00e3e de Deus, Rainha da Paz, e invoca o dom do Esp\u00edrito Santo para que ilumine o cora\u00e7\u00e3o e a mente daqueles que est\u00e3o chamados a construir o bem comum da na\u00e7\u00e3o colombiana\u201d.<\/p>\n<p>H\u00e1 poucos dias, na Jornada Mundial de Ora\u00e7\u00e3o realizada em Assis, presidida pelo Santo Padre, a Col\u00f4mbia foi um dos pa\u00edses pelos quais ele pediu de maneira especial durante a liturgia ecum\u00eanica com outros l\u00edderes crist\u00e3os.<\/p>\n<p style=\"text-align: justify;\">\u00a0<\/p>\n<p style=\"text-align: justify;\">Fonte: Acidigital<\/p>\n","protected":false},"excerpt":{"rendered":"<p>ROMA, (ACI).- O Cardeal Dar\u00edo Castrill\u00f3n, Prefeito em\u00e9rito da Congrega\u00e7\u00e3o para o Clero, assinalou que o Acordo de Paz entre o governo da Col\u00f4mbia e a guerrilha das FARC \u00e9 algo que \u201cnos entusiasma\u201d, mas n\u00e3o pode estar isento da verdade e da justi\u00e7a. Assim indicou no \u00faltimo dia 20 de setembro o tamb\u00e9m Presidente [&hellip;]<\/p>\n","protected":false},"author":1,"featured_media":18141,"comment_status":"open","ping_status":"open","sticky":false,"template":"","format":"standard","meta":{"footnotes":""},"categories":[3],"tags":[],"class_list":["post-18142","post","type-post","status-publish","format-standard","has-post-thumbnail","hentry","category-vaticano"],"_links":{"self":[{"href":"https:\/\/catolicanet.net\/wp-cnet\/wp-json\/wp\/v2\/posts\/18142","targetHints":{"allow":["GET"]}}],"collection":[{"href":"https:\/\/catolicanet.net\/wp-cnet\/wp-json\/wp\/v2\/posts"}],"about":[{"href":"https:\/\/catolicanet.net\/wp-cnet\/wp-json\/wp\/v2\/types\/post"}],"author":[{"embeddable":true,"href":"https:\/\/catolicanet.net\/wp-cnet\/wp-json\/wp\/v2\/users\/1"}],"replies":[{"embeddable":true,"href":"https:\/\/catolicanet.net\/wp-cnet\/wp-json\/wp\/v2\/comments?post=18142"}],"version-history":[{"count":1,"href":"https:\/\/catolicanet.net\/wp-cnet\/wp-json\/wp\/v2\/posts\/18142\/revisions"}],"predecessor-version":[{"id":24192,"href":"https:\/\/catolicanet.net\/wp-cnet\/wp-json\/wp\/v2\/posts\/18142\/revisions\/24192"}],"wp:featuredmedia":[{"embeddable":true,"href":"https:\/\/catolicanet.net\/wp-cnet\/wp-json\/wp\/v2\/media\/18141"}],"wp:attachment":[{"href":"https:\/\/catolicanet.net\/wp-cnet\/wp-json\/wp\/v2\/media?parent=18142"}],"wp:term":[{"taxonomy":"category","embeddable":true,"href":"https:\/\/catolicanet.net\/wp-cnet\/wp-json\/wp\/v2\/categories?post=18142"},{"taxonomy":"post_tag","embeddable":true,"href":"https:\/\/catolicanet.net\/wp-cnet\/wp-json\/wp\/v2\/tags?post=18142"}],"curies":[{"name":"wp","href":"https:\/\/api.w.org\/{rel}","templated":true}]}}