{"id":18138,"date":"2016-09-22T14:19:30","date_gmt":"2016-09-22T17:19:30","guid":{"rendered":"http:\/\/catolicanet.net\/wp-cnet\/2016\/09\/22\/9-sugestoes-geniais-para-libertar-a-sua-familia-da-tv\/"},"modified":"2017-05-30T16:39:32","modified_gmt":"2017-05-30T19:39:32","slug":"9-sugestoes-geniais-para-libertar-a-sua-familia-da-tv","status":"publish","type":"post","link":"https:\/\/catolicanet.net\/wp-cnet\/9-sugestoes-geniais-para-libertar-a-sua-familia-da-tv\/","title":{"rendered":"9 sugest\u00f5es geniais para libertar a sua fam\u00edlia da TV"},"content":{"rendered":"<p style=\"text-align: justify;\"><img decoding=\"async\" src=\"http:\/\/www.catolicanet.com.br\/images\/stories\/noticias\/tfwu1w_.jpg\" border=\"0\" align=\"left\" \/>Quando voc\u00ea conseguir se libertar do v\u00edcio, ficar\u00e1 espantado com quanto tempo perdeu em vez de desfrutar da fam\u00edlia!<\/p>\n<p>A televis\u00e3o, ao longo dos seus mais de 50 anos de exist\u00eancia, se tornou um v\u00edcio que aprisionou a fam\u00edlia e fez com que o di\u00e1logo, a criatividade e o compartilhamento de afeto em casa ficassem cada vez mais incomuns. O mesmo problema tem sido intensificado pelo v\u00edcio em internet, agravado pela facilidade com que ela \u00e9 acessada por aparelhos port\u00e1teis em qualquer lugar e hor\u00e1rio.<\/p>\n<p>Mas vamos atacar um problema de cada vez. Aqui v\u00e3o 9 ideias para se libertar do v\u00edcio em TV, promovendo uma vida mais sadia, motivando o di\u00e1logo e dedicando mais tempo a brincar com as crian\u00e7as, a pensar, a passear, a conviver\u2026 Experimente!<\/p>\n<p>9 ideias para se libertar do v\u00edcio na TV<\/p>\n<p>1 \u2013 Transfira a sua TV para um lugar menos importante na sua casa. Ela n\u00e3o deve ocupar a sala central da casa de jeito nenhum.<\/p>\n<p>2 \u2013 N\u00e3o instale aparelho de TV no quarto de seus filhos. Ela os distancia do contato familiar, n\u00e3o os deixa dormir bem e torna dif\u00edcil controlar a programa\u00e7\u00e3o impr\u00f3pria para menores. Se j\u00e1 existe alguma TV no quarto de seus filhos e voc\u00ea decidir remov\u00ea-la, compense-os com algo de que eles gostem e que lhes fa\u00e7a bem. N\u00e3o \u00e9 preciso criar um trauma desnecess\u00e1rio na tentativa de livr\u00e1-los do problema.<\/p>\n<p>3 \u2013 N\u00e3o assista \u00e0 TV durante as refei\u00e7\u00f5es. As refei\u00e7\u00f5es s\u00e3o um momento excelente para cultivar o di\u00e1logo familiar e devem ser preservadas.<\/p>\n<p>4 \u2013 Determine limites claros para programas da TV: meia hora, uma hora\u2026 Mas estabele\u00e7a as normas de forma positiva. Em vez de dizer \u201cVoc\u00ea n\u00e3o pode ver televis\u00e3o!\u201d, diga \u201cVoc\u00ea pode ver uma hora de TV e depois vamos fazer uma coisa muito divertida em fam\u00edlia\u201d. E fa\u00e7am mesmo!<\/p>\n<p>5 \u2013 N\u00e3o use a TV como bab\u00e1. Motive os seus filhos a participarem das tarefas dom\u00e9sticas de forma alegre, envolvente.<\/p>\n<p>6 \u2013 Fixe dias da semana sem TV e realize \u201cnoites de entretenimento familiar\u201d, com brincadeiras, leitura, passeios, conversas, visitas, ora\u00e7\u00f5es em fam\u00edlia\u2026<\/p>\n<p>7 \u2013 N\u00e3o fa\u00e7a da TV um instrumento de recompensa ou castigo, pois isto aumenta ainda mais o seu poder de influ\u00eancia.<\/p>\n<p>8 \u2013 N\u00e3o pague para assistir \u00e0 TV. Em vez de assinar pacotes de TV, use esse dinheiro para outras atividades familiares, ou para comprar livros e jogos educativos, ou, se realmente fizer quest\u00e3o de assistir a filmes ou s\u00e9ries interessantes, assine um servi\u00e7o de v\u00eddeos online.<\/p>\n<p>9 \u2013 Se tudo isso parecer muito dif\u00edcil, pelo menos abra-se \u00e0 possibilidade de ir mudando a sua mentalidade aos poucos. Pergunte-se: por que n\u00e3o seria poss\u00edvel ver cada vez menos TV? Quando voc\u00ea conseguir se libertar do v\u00edcio, vai ficar espantado com a quantidade de tempo que perdeu na vida em vez de desfrutar da sua fam\u00edlia, de momentos de criatividade, do amor e de outras formas muito mais saud\u00e1veis de entretenimento.<\/p>\n<p style=\"text-align: justify;\">\u00a0<\/p>\n<p style=\"text-align: justify;\">Fonte: Aleteia<\/p>\n","protected":false},"excerpt":{"rendered":"<p>Quando voc\u00ea conseguir se libertar do v\u00edcio, ficar\u00e1 espantado com quanto tempo perdeu em vez de desfrutar da fam\u00edlia! A televis\u00e3o, ao longo dos seus mais de 50 anos de exist\u00eancia, se tornou um v\u00edcio que aprisionou a fam\u00edlia e fez com que o di\u00e1logo, a criatividade e o compartilhamento de afeto em casa ficassem [&hellip;]<\/p>\n","protected":false},"author":1,"featured_media":18137,"comment_status":"open","ping_status":"open","sticky":false,"template":"","format":"standard","meta":{"footnotes":""},"categories":[4],"tags":[],"class_list":["post-18138","post","type-post","status-publish","format-standard","has-post-thumbnail","hentry","category-cotidiano"],"_links":{"self":[{"href":"https:\/\/catolicanet.net\/wp-cnet\/wp-json\/wp\/v2\/posts\/18138","targetHints":{"allow":["GET"]}}],"collection":[{"href":"https:\/\/catolicanet.net\/wp-cnet\/wp-json\/wp\/v2\/posts"}],"about":[{"href":"https:\/\/catolicanet.net\/wp-cnet\/wp-json\/wp\/v2\/types\/post"}],"author":[{"embeddable":true,"href":"https:\/\/catolicanet.net\/wp-cnet\/wp-json\/wp\/v2\/users\/1"}],"replies":[{"embeddable":true,"href":"https:\/\/catolicanet.net\/wp-cnet\/wp-json\/wp\/v2\/comments?post=18138"}],"version-history":[{"count":1,"href":"https:\/\/catolicanet.net\/wp-cnet\/wp-json\/wp\/v2\/posts\/18138\/revisions"}],"predecessor-version":[{"id":25191,"href":"https:\/\/catolicanet.net\/wp-cnet\/wp-json\/wp\/v2\/posts\/18138\/revisions\/25191"}],"wp:featuredmedia":[{"embeddable":true,"href":"https:\/\/catolicanet.net\/wp-cnet\/wp-json\/wp\/v2\/media\/18137"}],"wp:attachment":[{"href":"https:\/\/catolicanet.net\/wp-cnet\/wp-json\/wp\/v2\/media?parent=18138"}],"wp:term":[{"taxonomy":"category","embeddable":true,"href":"https:\/\/catolicanet.net\/wp-cnet\/wp-json\/wp\/v2\/categories?post=18138"},{"taxonomy":"post_tag","embeddable":true,"href":"https:\/\/catolicanet.net\/wp-cnet\/wp-json\/wp\/v2\/tags?post=18138"}],"curies":[{"name":"wp","href":"https:\/\/api.w.org\/{rel}","templated":true}]}}