{"id":18118,"date":"2016-09-22T12:41:31","date_gmt":"2016-09-22T15:41:31","guid":{"rendered":"http:\/\/catolicanet.net\/wp-cnet\/2016\/09\/22\/papa-a-vaidade-e-a-osteoporose-da-alma\/"},"modified":"2017-06-02T13:18:00","modified_gmt":"2017-06-02T16:18:00","slug":"papa-a-vaidade-e-a-osteoporose-da-alma","status":"publish","type":"post","link":"https:\/\/catolicanet.net\/wp-cnet\/papa-a-vaidade-e-a-osteoporose-da-alma\/","title":{"rendered":"Papa: a vaidade \u00e9 a osteoporose da alma"},"content":{"rendered":"<p style=\"text-align: justify;\"><img decoding=\"async\" src=\"http:\/\/www.catolicanet.com.br\/images\/stories\/papas\/ossrom131852_articolo.jpg\" border=\"0\" align=\"left\" \/>Cidade do Vaticano (RV) \u2013 Como todas as manh\u00e3s, o Papa Francisco celebrou a missa na capela da Casa Santa Marta. Em sua homilia, comentou o Evangelho do dia, que apresenta o rei Herodes inquieto porque, depois de matar Jo\u00e3o Batista, se sente agora amea\u00e7ado por Jesus.<\/p>\n<p style=\"text-align: justify;\">\u00a0<\/p>\n<p style=\"text-align: justify;\"><a href=\"http:\/\/media02.radiovaticana.va\/audio\/audio2\/mp3\/00549345.mp3\">Clique aqui para ouvir.<\/a><\/p>\n<p style=\"text-align: justify;\">\u00a0<\/p>\n<p style=\"text-align: justify;\">Na nossa alma, afirmou o Papa, existe a possibilidade de sentir duas inquieta\u00e7\u00f5es: uma boa, provocada pelo Esp\u00edrito Santo para realizar boas a\u00e7\u00f5es, e outra m\u00e1, que nasce da consci\u00eancia suja. Herodes estava preocupado com o seu pai, Herodes o Grande, depois da visita dos Reis Magos. Os dois resolvem suas inquieta\u00e7\u00f5es matando, passando sobre \u201co cad\u00e1ver das pessoas\u201d:<\/p>\n<p>Avidez, vaidade e orgulho<\/p>\n<p>Essa gente que provocou tanto mal, que fez mal e tem a consci\u00eancia suja e n\u00e3o pode viver em paz, porque vive numa coceira cont\u00ednua, numa urtic\u00e1ria que n\u00e3o os deixa em paz&#8230; Essa gente praticou o mal, mas o mal tem sempre a mesma raiz, todo mal: a avidez, a vaidade e o orgulho. E todos os tr\u00eas n\u00e3o deixam a consci\u00eancia em paz; todos os tr\u00eas n\u00e3o deixam que a inquieta\u00e7\u00e3o saud\u00e1vel do Esp\u00edrito Santo entre, mas levam a viver assim: inquietos, com medo. Avidez, vaidade e orgulho s\u00e3o a raiz de todos os males\u201d.<\/p>\n<p style=\"text-align: justify;\">\u00a0<\/p>\n<p style=\"text-align: justify;\"><a href=\"https:\/\/www.youtube.com\/watch?v=ZGOdgl4fYfc\">Clique aqui para assistir.<\/a><\/p>\n<p style=\"text-align: justify;\">\u00a0<\/p>\n<p style=\"text-align: justify;\">Osteoporose da alma<\/p>\n<p>A primeira Leitura do dia, extra\u00edda do Livro do Eclesiastes, fala da vaidade:<\/p>\n<p>\u201cA vaidade que nos enche. A vaidade que n\u00e3o tem vida longa, porque \u00e9 como uma bolha de sab\u00e3o. A vaidade que n\u00e3o nos d\u00e1 um ganho real. Qual ganho tem o homem por toda a fadiga com a qual ele se preocupa? Ele est\u00e1 ansioso para aparecer, para fingir, pela apar\u00eancia. Esta \u00e9 a vaidade. Se queremos dizer simplesmente: &#8220;A vaidade \u00e9 maquiar a pr\u00f3pria vida. E isso deixa a alma doente, porque se algu\u00e9m falsifica a pr\u00f3pria vida para aparecer, para fazer de conta, e todas as coisas que faz s\u00e3o para fingir, por vaidade, mas no final o que ganha? A vaidade \u00e9 como uma osteoporose da alma: os ossos do lado de fora parece bons, mas por dentro est\u00e3o todos estragados. A vaidade nos leva \u00e0 fraude\u201d.<\/p>\n<p>Trapaceiros<\/p>\n<p>\u201cComo os trapaceiros marcam as cartas\u201d para vencer e, depois, \u201cessa vit\u00f3ria \u00e9 falsa, n\u00e3o \u00e9 verdadeira. Esta \u00e9 a vaidade: viver para fingir, viver para fazer de conta, viver para aparecer. E isso inquieta a alma&#8221;. S\u00e3o Bernardo &#8211; recordou o Papa &#8211; disse uma palavra forte aos vaidosos: &#8220;Mas pense naquilo que voc\u00ea vai ser. Voc\u00ea vai ser comida para os vermes. E todo esse maquiar a vida \u00e9 uma mentira, porque os vermes v\u00e3o comer voc\u00ea e voc\u00ea n\u00e3o vai ser nada&#8221;. Mas onde est\u00e1 o poder da vaidade? Levado pelo orgulho em dire\u00e7\u00e3o do mal, n\u00e3o permite um erro, n\u00e3o permite que se veja um erro, cobrir tudo, tudo deve ser coberto\u201d:<\/p>\n<p>Jesus \u00e9 o nosso ref\u00fagio<\/p>\n<p>\u201cQuantas pessoas conhecemos que parecem &#8230; \u2018Mas que boa pessoa! Vai \u00e0 missa todos os domingos. Faz grandes ofertas \u00e0 Igreja\u2019. Isto \u00e9 o que se v\u00ea, mas a osteoporose \u00e9 a corrup\u00e7\u00e3o que tem dentro. H\u00e1 pessoas assim, &#8211; mas h\u00e1 pessoas santas, tamb\u00e9m! \u2013 que faz isso. Mas a vaidade \u00e9 isso: se parece com rosto de pequena imagem e, depois, a sua verdade \u00e9 outra. E onde est\u00e1 a nossa for\u00e7a e seguran\u00e7a, o nosso ref\u00fagio? Lemos no Salmo: &#8216;Senhor, tu tens sido o nosso ref\u00fagio de gera\u00e7\u00e3o em gera\u00e7\u00e3o&#8221;. Por qu\u00ea? E antes do Evangelho recordamos as palavras de Jesus: &#8220;Eu sou o caminho, a verdade e a vida&#8221;. Esta \u00e9 a verdade, n\u00e3o a maquiagem da vaidade. Que o Senhor nos livre destas tr\u00eas ra\u00edzes de todo os males: a avidez, a vaidade e o orgulho. Mas sobretudo da vaidade, que nos faz tanto mal\u201d.<\/p>\n<p style=\"text-align: justify;\">\u00a0<\/p>\n<p style=\"text-align: justify;\">Fonte: R\u00e1dio Vaticano<\/p>\n","protected":false},"excerpt":{"rendered":"<p>Cidade do Vaticano (RV) \u2013 Como todas as manh\u00e3s, o Papa Francisco celebrou a missa na capela da Casa Santa Marta. Em sua homilia, comentou o Evangelho do dia, que apresenta o rei Herodes inquieto porque, depois de matar Jo\u00e3o Batista, se sente agora amea\u00e7ado por Jesus. \u00a0 Clique aqui para ouvir. \u00a0 Na nossa [&hellip;]<\/p>\n","protected":false},"author":1,"featured_media":18117,"comment_status":"open","ping_status":"open","sticky":false,"template":"","format":"standard","meta":{"footnotes":""},"categories":[3],"tags":[],"class_list":["post-18118","post","type-post","status-publish","format-standard","has-post-thumbnail","hentry","category-vaticano"],"_links":{"self":[{"href":"https:\/\/catolicanet.net\/wp-cnet\/wp-json\/wp\/v2\/posts\/18118","targetHints":{"allow":["GET"]}}],"collection":[{"href":"https:\/\/catolicanet.net\/wp-cnet\/wp-json\/wp\/v2\/posts"}],"about":[{"href":"https:\/\/catolicanet.net\/wp-cnet\/wp-json\/wp\/v2\/types\/post"}],"author":[{"embeddable":true,"href":"https:\/\/catolicanet.net\/wp-cnet\/wp-json\/wp\/v2\/users\/1"}],"replies":[{"embeddable":true,"href":"https:\/\/catolicanet.net\/wp-cnet\/wp-json\/wp\/v2\/comments?post=18118"}],"version-history":[{"count":1,"href":"https:\/\/catolicanet.net\/wp-cnet\/wp-json\/wp\/v2\/posts\/18118\/revisions"}],"predecessor-version":[{"id":27507,"href":"https:\/\/catolicanet.net\/wp-cnet\/wp-json\/wp\/v2\/posts\/18118\/revisions\/27507"}],"wp:featuredmedia":[{"embeddable":true,"href":"https:\/\/catolicanet.net\/wp-cnet\/wp-json\/wp\/v2\/media\/18117"}],"wp:attachment":[{"href":"https:\/\/catolicanet.net\/wp-cnet\/wp-json\/wp\/v2\/media?parent=18118"}],"wp:term":[{"taxonomy":"category","embeddable":true,"href":"https:\/\/catolicanet.net\/wp-cnet\/wp-json\/wp\/v2\/categories?post=18118"},{"taxonomy":"post_tag","embeddable":true,"href":"https:\/\/catolicanet.net\/wp-cnet\/wp-json\/wp\/v2\/tags?post=18118"}],"curies":[{"name":"wp","href":"https:\/\/api.w.org\/{rel}","templated":true}]}}