{"id":18111,"date":"2016-09-21T19:27:44","date_gmt":"2016-09-21T22:27:44","guid":{"rendered":"http:\/\/catolicanet.net\/wp-cnet\/2016\/09\/21\/mil-moradores-de-nice-e-familiares-das-vitimas-em-audiencia-com-o-papa\/"},"modified":"2017-06-02T11:15:52","modified_gmt":"2017-06-02T14:15:52","slug":"mil-moradores-de-nice-e-familiares-das-vitimas-em-audiencia-com-o-papa","status":"publish","type":"post","link":"https:\/\/catolicanet.net\/wp-cnet\/mil-moradores-de-nice-e-familiares-das-vitimas-em-audiencia-com-o-papa\/","title":{"rendered":"Mil moradores de Nice e familiares das v\u00edtimas em audi\u00eancia com o Papa"},"content":{"rendered":"<p style=\"text-align: justify;\"><img decoding=\"async\" src=\"http:\/\/www.catolicanet.com.br\/images\/stories\/noticias\/epa2146447_articolo.jpg\" border=\"0\" align=\"left\" \/>Cidade do Vaticano (RV) \u2013 Uma delega\u00e7\u00e3o de mais de mil pessoas, como descrevem as ag\u00eancias de not\u00edcias internacionais, entre moradores da cidade francesa de Nice, familiares das v\u00edtimas e volunt\u00e1rios que auxiliaram na trag\u00e9dia do dia 14 de julho vai participar da audi\u00eancia com o Papa Francisco. O encontro est\u00e1 marcado para o pr\u00f3ximo s\u00e1bado, 24 de setembro, na Sala Paulo VI.<\/p>\n<p>O grupo vir\u00e1 acompanhado do prefeito da cidade, Christian Estrosi; do presidente da entidade Amizade Fran\u00e7a-It\u00e1lia, Paolo Celi; do bispo, Dom Andr\u00e9 Marceau, e de representantes das comunidades de mu\u00e7ulmanos e judeus. Segundo Paolo Celi em entrevista \u00e0 ag\u00eancia Ansa, \u201cos familiares das v\u00edtimas da trag\u00e9dia de 14 de julho e os cidad\u00e3os de Nice agradecem o Papa pelos profundos sentimentos de afeto e de proximidade demonstrados nessa tr\u00e1gica circunst\u00e2ncia. E, em especial, pelo extraordin\u00e1rio encontro programado para o pr\u00f3ximo s\u00e1bado\u201d.<\/p>\n<p>Ataque no Dia da Queda da Bastilha<\/p>\n<p>Mais de 80 pessoas morreram e outras dezenas ficaram feridas na trag\u00e9dia de Nice de 14 de julho. Durante aquela noite, a comunidade local participava da festa pelo anivers\u00e1rio da Queda da Bastilha quando um tunisiano de 31 anos atacou a multid\u00e3o com um caminh\u00e3o, em plena avenida \u00e0 beira-mar, a Promenade des Anglais (Passeio dos Ingleses).<\/p>\n<p style=\"text-align: justify;\">\u00a0<\/p>\n<p style=\"text-align: justify;\">Fonte: R\u00e1dio Vaticano<\/p>\n","protected":false},"excerpt":{"rendered":"<p>Cidade do Vaticano (RV) \u2013 Uma delega\u00e7\u00e3o de mais de mil pessoas, como descrevem as ag\u00eancias de not\u00edcias internacionais, entre moradores da cidade francesa de Nice, familiares das v\u00edtimas e volunt\u00e1rios que auxiliaram na trag\u00e9dia do dia 14 de julho vai participar da audi\u00eancia com o Papa Francisco. O encontro est\u00e1 marcado para o pr\u00f3ximo [&hellip;]<\/p>\n","protected":false},"author":1,"featured_media":16291,"comment_status":"open","ping_status":"open","sticky":false,"template":"","format":"standard","meta":{"footnotes":""},"categories":[3],"tags":[],"class_list":["post-18111","post","type-post","status-publish","format-standard","has-post-thumbnail","hentry","category-vaticano"],"_links":{"self":[{"href":"https:\/\/catolicanet.net\/wp-cnet\/wp-json\/wp\/v2\/posts\/18111","targetHints":{"allow":["GET"]}}],"collection":[{"href":"https:\/\/catolicanet.net\/wp-cnet\/wp-json\/wp\/v2\/posts"}],"about":[{"href":"https:\/\/catolicanet.net\/wp-cnet\/wp-json\/wp\/v2\/types\/post"}],"author":[{"embeddable":true,"href":"https:\/\/catolicanet.net\/wp-cnet\/wp-json\/wp\/v2\/users\/1"}],"replies":[{"embeddable":true,"href":"https:\/\/catolicanet.net\/wp-cnet\/wp-json\/wp\/v2\/comments?post=18111"}],"version-history":[{"count":1,"href":"https:\/\/catolicanet.net\/wp-cnet\/wp-json\/wp\/v2\/posts\/18111\/revisions"}],"predecessor-version":[{"id":27509,"href":"https:\/\/catolicanet.net\/wp-cnet\/wp-json\/wp\/v2\/posts\/18111\/revisions\/27509"}],"wp:featuredmedia":[{"embeddable":true,"href":"https:\/\/catolicanet.net\/wp-cnet\/wp-json\/wp\/v2\/media\/16291"}],"wp:attachment":[{"href":"https:\/\/catolicanet.net\/wp-cnet\/wp-json\/wp\/v2\/media?parent=18111"}],"wp:term":[{"taxonomy":"category","embeddable":true,"href":"https:\/\/catolicanet.net\/wp-cnet\/wp-json\/wp\/v2\/categories?post=18111"},{"taxonomy":"post_tag","embeddable":true,"href":"https:\/\/catolicanet.net\/wp-cnet\/wp-json\/wp\/v2\/tags?post=18111"}],"curies":[{"name":"wp","href":"https:\/\/api.w.org\/{rel}","templated":true}]}}