{"id":18110,"date":"2016-09-21T19:11:47","date_gmt":"2016-09-21T22:11:47","guid":{"rendered":"http:\/\/catolicanet.net\/wp-cnet\/2016\/09\/21\/48-milhoes-de-criancas-sao-migrantes-forcados-denuncia-parolin-na-onu\/"},"modified":"2017-06-02T09:29:22","modified_gmt":"2017-06-02T12:29:22","slug":"48-milhoes-de-criancas-sao-migrantes-forcados-denuncia-parolin-na-onu","status":"publish","type":"post","link":"https:\/\/catolicanet.net\/wp-cnet\/48-milhoes-de-criancas-sao-migrantes-forcados-denuncia-parolin-na-onu\/","title":{"rendered":"48 milh\u00f5es de crian\u00e7as s\u00e3o migrantes for\u00e7ados, denuncia Parolin na ONU"},"content":{"rendered":"<p style=\"text-align: justify;\"><img decoding=\"async\" src=\"http:\/\/www.catolicanet.com.br\/images\/stories\/noticias\/1566836_articolo.jpg\" border=\"0\" align=\"left\" \/>Nova Iorque (RV) \u2013 \u201c48 milh\u00f5es de crian\u00e7as s\u00e3o obrigadas a deixar suas casas e milhares de crian\u00e7as migrantes desacompanhadas est\u00e3o perdidas, tornando-se presas f\u00e1ceis de abusadores e exploradores\u201d, denuncia o Cardeal Secret\u00e1rio de Estado, Pietro Parolin, na 71\u00aa Sess\u00e3o da Assembleia Geral da ONU.<\/p>\n<p>Pronunciando-se no encontro em andamento em Nova Iorque sobre a quest\u00e3o dos refugiados e migrantes, o purpurado reiterou que \u201ctodos os indiv\u00edduos t\u00eam o direito de permanecer em paz e seguran\u00e7a nas sua terra e em seus pa\u00edses de origem\u201d. Mas o que se v\u00ea, s\u00e3o milh\u00f5es de pessoas que \u201carriscam tudo, vivendo em condi\u00e7\u00f5es miser\u00e1veis\u201d, e milhares que \u201cperderam a vida enquanto tentavam fugir dos conflitos, da viol\u00eancia, da pobreza extrema, da exclus\u00e3o social, das persegui\u00e7\u00f5es e das v\u00e1rias formas de discrimina\u00e7\u00e3o\u201d.<\/p>\n<p>Apelo para erradicar as causas das migra\u00e7\u00f5es for\u00e7adas<\/p>\n<p>Disto, o apelo \u201curgente\u201d da Santa S\u00e9 em favor de \u201cesfor\u00e7os pol\u00edticos e multilaterais para erradicar as causas profundas dos vastos movimentos e do deslocamento for\u00e7ado das popula\u00e7\u00f5es\u201d: \u201cConflitos e viol\u00eancia, inumer\u00e1veis viola\u00e7\u00f5es dos direitos humanos, degrada\u00e7\u00e3o ambiental, pobreza extrema, com\u00e9rcio e tr\u00e1fico de armas, corrup\u00e7\u00e3o e obscuros planos comerciais e financeiros\u201d.<\/p>\n<p>Ao mesmo tempo \u2013 afirmou o Cardeal Secret\u00e1rio de Estado \u2013 \u201c\u00e9 necess\u00e1rio garantir que os fundos para o desenvolvimento sejam distribu\u00eddos igualitariamente e com transpar\u00eancia, entregues e usados apropriadamente\u201d.<\/p>\n<p>N\u00e3o, portanto, \u00e0 \u201cglobaliza\u00e7\u00e3o da indiferen\u00e7a\u201d denunciada pelo Papa. Sim, pelo contr\u00e1rio, ao \u201crenovado empenho em proteger toda a pessoa da viol\u00eancia e da discrimina\u00e7\u00e3o, para garantir uma qualidade de assist\u00eancia sanit\u00e1ria apropriada e para proteger aqueles que s\u00e3o mais vulner\u00e1veis, particularmente as mulheres e crian\u00e7as\u201d.<\/p>\n<p>Muros nunca s\u00e3o a solu\u00e7\u00e3o para os problemas sociais<\/p>\n<p>\u201cOs muros e as barreiras entre as pessoas e os povos \u2013 quer f\u00edsicas como legislativas \u2013 nunca s\u00e3o uma solu\u00e7\u00e3o aceit\u00e1vel para os problemas sociais\u201d, afirmou o Secret\u00e1rio de Estado. \u201cTais barreiras dividem as pessoas e os povos, causam tens\u00f5es entre eles e enfraquecem e impedem o desenvolvimento\u201d.<\/p>\n<p>Neste sentido, \u201cn\u00e3o obstante as dificuldades, os interesses eleitorais e as leg\u00edtimas preocupa\u00e7\u00f5es, as nossas responsabilidades exigem superar os medos e os obst\u00e1culos e trabalhar por um mundo onde os indiv\u00edduos e os povos possam viver em liberdade e dignidade\u201d.<\/p>\n<p>N\u00e3o perder de vista nomes e rostos que est\u00e3o por tr\u00e1s das estat\u00edsticas<\/p>\n<p>\u201cEnquanto buscamos encontrar os modos mais eficazes para responder aos desafios colocados pelos movimentos sem precedentes de refugiados e de migrantes \u2013 foi a advert\u00eancia do Cardeal \u2013 n\u00e3o dever\u00edamos nunca perder de vista a pessoa real, com os nomes e os rostos que est\u00e3o por tr\u00e1s das estat\u00edsticas\u201d.<\/p>\n<p>Uma \u201cabordagem\u201d \u2013 precisou o Cardeal Parolin,\u00a0 citando o Papa \u2013 que \u201crequer o pleno compromisso por uma humanidade que antes de tudo, reconhe\u00e7a os outros como irm\u00e3os e irm\u00e3s, que queira construir pontes e rejeite a ideia de construir muros para tornar-se mais segura\u201d.<\/p>\n<p>Papel decisivo das organiza\u00e7\u00f5es religiosas e crist\u00e3s nas emerg\u00eancias<\/p>\n<p>\u201cO enorme e complexo desafio que o grande movimento de refugiados e migrantes apresenta, pode ser resolvido somente se trabalharmos juntos\u201d, afirmou Parolin, exortando ao di\u00e1logo e \u00e0 colabora\u00e7\u00e3o \u201centre as na\u00e7\u00f5es, organismos internacionais e ag\u00eancias humanit\u00e1rias\u201d e mencionou o papel decisivo desempenhado pelas organiza\u00e7\u00f5es religiosas e pelas comunidades crist\u00e3s, as quais, seguidamente, s\u00e3o as primeiras a responder \u00e0s emerg\u00eancias humanit\u00e1rias\u201d.<\/p>\n<p style=\"text-align: justify;\">\u00a0<\/p>\n<p style=\"text-align: justify;\">Fonte: R\u00e1dio Vaticano<\/p>\n","protected":false},"excerpt":{"rendered":"<p>Nova Iorque (RV) \u2013 \u201c48 milh\u00f5es de crian\u00e7as s\u00e3o obrigadas a deixar suas casas e milhares de crian\u00e7as migrantes desacompanhadas est\u00e3o perdidas, tornando-se presas f\u00e1ceis de abusadores e exploradores\u201d, denuncia o Cardeal Secret\u00e1rio de Estado, Pietro Parolin, na 71\u00aa Sess\u00e3o da Assembleia Geral da ONU. Pronunciando-se no encontro em andamento em Nova Iorque sobre a [&hellip;]<\/p>\n","protected":false},"author":1,"featured_media":18109,"comment_status":"open","ping_status":"open","sticky":false,"template":"","format":"standard","meta":{"footnotes":""},"categories":[3],"tags":[],"class_list":["post-18110","post","type-post","status-publish","format-standard","has-post-thumbnail","hentry","category-vaticano"],"_links":{"self":[{"href":"https:\/\/catolicanet.net\/wp-cnet\/wp-json\/wp\/v2\/posts\/18110","targetHints":{"allow":["GET"]}}],"collection":[{"href":"https:\/\/catolicanet.net\/wp-cnet\/wp-json\/wp\/v2\/posts"}],"about":[{"href":"https:\/\/catolicanet.net\/wp-cnet\/wp-json\/wp\/v2\/types\/post"}],"author":[{"embeddable":true,"href":"https:\/\/catolicanet.net\/wp-cnet\/wp-json\/wp\/v2\/users\/1"}],"replies":[{"embeddable":true,"href":"https:\/\/catolicanet.net\/wp-cnet\/wp-json\/wp\/v2\/comments?post=18110"}],"version-history":[{"count":1,"href":"https:\/\/catolicanet.net\/wp-cnet\/wp-json\/wp\/v2\/posts\/18110\/revisions"}],"predecessor-version":[{"id":27510,"href":"https:\/\/catolicanet.net\/wp-cnet\/wp-json\/wp\/v2\/posts\/18110\/revisions\/27510"}],"wp:featuredmedia":[{"embeddable":true,"href":"https:\/\/catolicanet.net\/wp-cnet\/wp-json\/wp\/v2\/media\/18109"}],"wp:attachment":[{"href":"https:\/\/catolicanet.net\/wp-cnet\/wp-json\/wp\/v2\/media?parent=18110"}],"wp:term":[{"taxonomy":"category","embeddable":true,"href":"https:\/\/catolicanet.net\/wp-cnet\/wp-json\/wp\/v2\/categories?post=18110"},{"taxonomy":"post_tag","embeddable":true,"href":"https:\/\/catolicanet.net\/wp-cnet\/wp-json\/wp\/v2\/tags?post=18110"}],"curies":[{"name":"wp","href":"https:\/\/api.w.org\/{rel}","templated":true}]}}