{"id":18092,"date":"2016-09-21T14:48:16","date_gmt":"2016-09-21T17:48:16","guid":{"rendered":"http:\/\/catolicanet.net\/wp-cnet\/2016\/09\/21\/o-testemunho-de-um-bispo-brasileiro-em-mocambique\/"},"modified":"2017-06-02T11:32:05","modified_gmt":"2017-06-02T14:32:05","slug":"o-testemunho-de-um-bispo-brasileiro-em-mocambique","status":"publish","type":"post","link":"https:\/\/catolicanet.net\/wp-cnet\/o-testemunho-de-um-bispo-brasileiro-em-mocambique\/","title":{"rendered":"O testemunho de um bispo brasileiro em Mo\u00e7ambique"},"content":{"rendered":"<p style=\"text-align: justify;\"><img decoding=\"async\" src=\"http:\/\/www.catolicanet.com.br\/images\/stories\/noticias\/rv6350_articolo.jpg\" border=\"0\" align=\"left\" \/>Cidade do Vaticano (RV) \u2013 Uma Diocese quase do tamanho de Portugal, com 2 milh\u00f5es de habitantes e in\u00fameros e grandes desafios: esta \u00e9 a Diocese de Pemba, em Mo\u00e7ambique, cujo bispo \u00e9 um brasileiro: Dom Luiz Fernando Lisboa.<\/p>\n<p>Em entrevista \u00e0 R\u00e1dio Vaticano, Dom Luiz fala da amea\u00e7a de guerra no pa\u00eds e da fome que atinge 1 milh\u00e3o de mo\u00e7ambicanos. Mas fala tamb\u00e9m de um sonho: construir um asilo para idosos, num pa\u00eds em que a expectativa de vida \u00e9 de 42 anos. Ou\u00e7a aqui:<\/p>\n<p style=\"text-align: justify;\">\u00a0<\/p>\n<p style=\"text-align: justify;\">Fonte: R\u00e1dio Vaticano<\/p>\n","protected":false},"excerpt":{"rendered":"<p>Cidade do Vaticano (RV) \u2013 Uma Diocese quase do tamanho de Portugal, com 2 milh\u00f5es de habitantes e in\u00fameros e grandes desafios: esta \u00e9 a Diocese de Pemba, em Mo\u00e7ambique, cujo bispo \u00e9 um brasileiro: Dom Luiz Fernando Lisboa. Em entrevista \u00e0 R\u00e1dio Vaticano, Dom Luiz fala da amea\u00e7a de guerra no pa\u00eds e da [&hellip;]<\/p>\n","protected":false},"author":1,"featured_media":18091,"comment_status":"open","ping_status":"open","sticky":false,"template":"","format":"standard","meta":{"footnotes":""},"categories":[3],"tags":[],"class_list":["post-18092","post","type-post","status-publish","format-standard","has-post-thumbnail","hentry","category-vaticano"],"_links":{"self":[{"href":"https:\/\/catolicanet.net\/wp-cnet\/wp-json\/wp\/v2\/posts\/18092","targetHints":{"allow":["GET"]}}],"collection":[{"href":"https:\/\/catolicanet.net\/wp-cnet\/wp-json\/wp\/v2\/posts"}],"about":[{"href":"https:\/\/catolicanet.net\/wp-cnet\/wp-json\/wp\/v2\/types\/post"}],"author":[{"embeddable":true,"href":"https:\/\/catolicanet.net\/wp-cnet\/wp-json\/wp\/v2\/users\/1"}],"replies":[{"embeddable":true,"href":"https:\/\/catolicanet.net\/wp-cnet\/wp-json\/wp\/v2\/comments?post=18092"}],"version-history":[{"count":1,"href":"https:\/\/catolicanet.net\/wp-cnet\/wp-json\/wp\/v2\/posts\/18092\/revisions"}],"predecessor-version":[{"id":27512,"href":"https:\/\/catolicanet.net\/wp-cnet\/wp-json\/wp\/v2\/posts\/18092\/revisions\/27512"}],"wp:featuredmedia":[{"embeddable":true,"href":"https:\/\/catolicanet.net\/wp-cnet\/wp-json\/wp\/v2\/media\/18091"}],"wp:attachment":[{"href":"https:\/\/catolicanet.net\/wp-cnet\/wp-json\/wp\/v2\/media?parent=18092"}],"wp:term":[{"taxonomy":"category","embeddable":true,"href":"https:\/\/catolicanet.net\/wp-cnet\/wp-json\/wp\/v2\/categories?post=18092"},{"taxonomy":"post_tag","embeddable":true,"href":"https:\/\/catolicanet.net\/wp-cnet\/wp-json\/wp\/v2\/tags?post=18092"}],"curies":[{"name":"wp","href":"https:\/\/api.w.org\/{rel}","templated":true}]}}