{"id":18090,"date":"2016-09-21T14:16:52","date_gmt":"2016-09-21T17:16:52","guid":{"rendered":"http:\/\/catolicanet.net\/wp-cnet\/2016\/09\/21\/jovens-com-sindrome-de-down-arrasam-no-mercado-argentino-com-deliciosas-pizzas\/"},"modified":"2017-05-30T16:40:22","modified_gmt":"2017-05-30T19:40:22","slug":"jovens-com-sindrome-de-down-arrasam-no-mercado-argentino-com-deliciosas-pizzas","status":"publish","type":"post","link":"https:\/\/catolicanet.net\/wp-cnet\/jovens-com-sindrome-de-down-arrasam-no-mercado-argentino-com-deliciosas-pizzas\/","title":{"rendered":"Jovens com S\u00edndrome de Down \u201carrasam\u201d no mercado argentino com deliciosas pizzas"},"content":{"rendered":"<p style=\"text-align: justify;\"><img decoding=\"async\" src=\"http:\/\/www.catolicanet.com.br\/images\/stories\/noticias\/13700191.jpg\" border=\"0\" align=\"left\" \/>BUENOS AIRES,\u00a0 (ACI).- Mateo se formou como padeiro, Leandro de mestre confeiteiro, Franco e Mauricio tinham vontade de ser gar\u00e7ons. Todas estas aptid\u00f5es fizeram com que este grupo de amigos com S\u00edndrome de Down empreendessem o bem-sucedido servi\u00e7o de pizza \u201cLos Perejiles\u201d em Buenos Aires (Argentina).<\/p>\n<p>Com mais de 10 mil seguidores no Facebook, este grupo de amigos em apenas dois meses realizaram aproximadamente 30 eventos. Sempre levam o seu pr\u00f3prio forno e vestimenta aonde v\u00e3o. Eles oferecem pizzas e as famosas \u00b4empanadas\u00b4, e inclusive contam com um menu para pessoas cel\u00edacas.<\/p>\n<p>Cada um conhece seu papel neste empreendimento que est\u00e1 sob a coordena\u00e7\u00e3o de Leandro L\u00f3pez, Presidente da associa\u00e7\u00e3o \u2018Crescer Somando\u2019, dedicada a servir os jovens com S\u00edndrome de Down.<\/p>\n<p>L\u00f3pez, explicou ao Grupo ACI que \u201ca ideia era tentar mudar um pouco o paradigma em rela\u00e7\u00e3o \u00e0 S\u00edndrome de Down, que eles pudessem estar inclu\u00eddos na \u00e1rea de trabalho em uma sociedade e naturalizar que eles possam estar trabalhando\u201d.<\/p>\n<p><img decoding=\"async\" src=\"http:\/\/www.catolicanet.com.br\/images\/stories\/noticias\/13731709.jpg\" border=\"0\" align=\"right\" \/>Tudo come\u00e7ou em 2015 quando L\u00f3pez come\u00e7ou a trabalhar com Mauricio, Franco e Leandro na \u00e1rea de acompanhamento terap\u00eautico e inser\u00e7\u00e3o social. &#8220;Ao terminar esse ano vi que os meninos estavam com muita vontade de trabalhar, mas que havia esta defici\u00eancia\u201d.<\/p>\n<p>\u201cNo come\u00e7o deste ano, quando Mateo se uniu ao grupo, junto com seus pais come\u00e7amos a pensar no \u00e2mbito trabalhista e ver qual era o desejo deles e em que gostariam de trabalhar\u201d, recordou o professor de educa\u00e7\u00e3o f\u00edsica e licenciado em micromotricidade.<\/p>\n<p>\u201cUm dia falei com eles para fazer uma pizza e fiquei atento durante todo o procedimento, da compra dos materiais at\u00e9 o momento no qual nos sentamos na mesa para comer. Na verdade, me surpreenderam bastante. Foi assim como tudo come\u00e7ou\u201d, assinalou L\u00f3pez.<\/p>\n<p>Em junho deste ano o grupo come\u00e7ou a trabalhar na ideia do servi\u00e7o de pizzas, cujo nome \u201cLos Perejiles\u201d foi proposto por Leandro. Em 9 de julho tiveram seu primeiro evento, que foi \u201cuma revolu\u00e7\u00e3o nas redes sociais\u201d, o qual os impulsionou a \u201ccriar uma conta, escolher um logotipo e pensar na vestimenta\u201d.<\/p>\n<p><img decoding=\"async\" src=\"http:\/\/www.catolicanet.com.br\/images\/stories\/noticias\/14264249.jpg\" border=\"0\" align=\"left\" \/>\u201cMeus professores s\u00e3o eles e com eles vou aprendendo quais s\u00e3o as necessidades\u201d, comentou L\u00f3pez a respeito da organiza\u00e7\u00e3o do projeto.<\/p>\n<p>\u201cEstes jovens com certeza podem estar inclu\u00eddos na sociedade e t\u00eam muito a nos ensinar. Eu aprendo todos os dias algo novo com eles, o bom de ser humano, a ess\u00eancia do ser humano. Entre eles nunca h\u00e1 inveja, ego\u00edsmo, mas sim companheirismo\u201d, assegurou.<\/p>\n<p>A respeito das oportunidades de trabalho para as pessoas com S\u00edndrome de Down, L\u00f3pez afirmou que \u201catualmente n\u00e3o existem oportunidades de trabalho reais para eles. H\u00e1 muitos locais e col\u00e9gios que os capacitam, mas sempre ficam no mesmo c\u00edrculo e a ideia \u00e9 que possam viver e lutar por uma oportunidade de trabalho como qualquer outra pessoa\u201d.<\/p>\n<p>\u201cAcredito que todos n\u00f3s temos direito a duas coisas fundamentais: \u00e0 vida e a ter uma oportunidade. Estas duas premissas podem fazer com que uma pessoa seja feliz toda sua vida\u201d, afirmou L\u00f3pez.<\/p>\n<p style=\"text-align: justify;\">\u00a0<\/p>\n<p style=\"text-align: justify;\">Fonte: Acidigital<\/p>\n","protected":false},"excerpt":{"rendered":"<p>BUENOS AIRES,\u00a0 (ACI).- Mateo se formou como padeiro, Leandro de mestre confeiteiro, Franco e Mauricio tinham vontade de ser gar\u00e7ons. Todas estas aptid\u00f5es fizeram com que este grupo de amigos com S\u00edndrome de Down empreendessem o bem-sucedido servi\u00e7o de pizza \u201cLos Perejiles\u201d em Buenos Aires (Argentina). Com mais de 10 mil seguidores no Facebook, este [&hellip;]<\/p>\n","protected":false},"author":1,"featured_media":18089,"comment_status":"open","ping_status":"open","sticky":false,"template":"","format":"standard","meta":{"footnotes":""},"categories":[4],"tags":[],"class_list":["post-18090","post","type-post","status-publish","format-standard","has-post-thumbnail","hentry","category-cotidiano"],"_links":{"self":[{"href":"https:\/\/catolicanet.net\/wp-cnet\/wp-json\/wp\/v2\/posts\/18090","targetHints":{"allow":["GET"]}}],"collection":[{"href":"https:\/\/catolicanet.net\/wp-cnet\/wp-json\/wp\/v2\/posts"}],"about":[{"href":"https:\/\/catolicanet.net\/wp-cnet\/wp-json\/wp\/v2\/types\/post"}],"author":[{"embeddable":true,"href":"https:\/\/catolicanet.net\/wp-cnet\/wp-json\/wp\/v2\/users\/1"}],"replies":[{"embeddable":true,"href":"https:\/\/catolicanet.net\/wp-cnet\/wp-json\/wp\/v2\/comments?post=18090"}],"version-history":[{"count":1,"href":"https:\/\/catolicanet.net\/wp-cnet\/wp-json\/wp\/v2\/posts\/18090\/revisions"}],"predecessor-version":[{"id":25206,"href":"https:\/\/catolicanet.net\/wp-cnet\/wp-json\/wp\/v2\/posts\/18090\/revisions\/25206"}],"wp:featuredmedia":[{"embeddable":true,"href":"https:\/\/catolicanet.net\/wp-cnet\/wp-json\/wp\/v2\/media\/18089"}],"wp:attachment":[{"href":"https:\/\/catolicanet.net\/wp-cnet\/wp-json\/wp\/v2\/media?parent=18090"}],"wp:term":[{"taxonomy":"category","embeddable":true,"href":"https:\/\/catolicanet.net\/wp-cnet\/wp-json\/wp\/v2\/categories?post=18090"},{"taxonomy":"post_tag","embeddable":true,"href":"https:\/\/catolicanet.net\/wp-cnet\/wp-json\/wp\/v2\/tags?post=18090"}],"curies":[{"name":"wp","href":"https:\/\/api.w.org\/{rel}","templated":true}]}}