{"id":18073,"date":"2016-09-21T13:24:45","date_gmt":"2016-09-21T16:24:45","guid":{"rendered":"http:\/\/catolicanet.net\/wp-cnet\/2016\/09\/21\/vincent-lambert-medicos-proibem-visita-por-aniversario-e-amigos-lancam-campanha-de-apoio\/"},"modified":"2017-05-30T16:40:23","modified_gmt":"2017-05-30T19:40:23","slug":"vincent-lambert-medicos-proibem-visita-por-aniversario-e-amigos-lancam-campanha-de-apoio","status":"publish","type":"post","link":"https:\/\/catolicanet.net\/wp-cnet\/vincent-lambert-medicos-proibem-visita-por-aniversario-e-amigos-lancam-campanha-de-apoio\/","title":{"rendered":"Vincent Lambert: M\u00e9dicos pro\u00edbem visita por anivers\u00e1rio e amigos lan\u00e7am campanha de apoio"},"content":{"rendered":"<p style=\"text-align: justify;\"><img decoding=\"async\" src=\"http:\/\/www.catolicanet.com.br\/images\/stories\/noticias\/vincentlambert.jpg\" border=\"0\" align=\"left\" \/>PARIS, (ACI).- Hoje Vincent Lambert completa 40 anos, um franc\u00eas tetrapl\u00e9gico cujo caso tenta ser manipulado por alguns promotores da eutan\u00e1sia na Fran\u00e7a, n\u00e3o poder\u00e1 receber visitas pelo seu anivers\u00e1rio porque os m\u00e9dicos do hospital de Reims n\u00e3o deixaram. Entretanto, seus entes queridos lhe enviaram um detalhe especial.\u00a0 <\/p>\n<p>Em um comunicado publicado em sua p\u00e1gina, os organizadores da campanha para manter Vincent vivo, \u201cJe soutiens Vincent\u201d (Eu apoio a Vincent), pediu aos familiares, amigos e a todos os que apoiam Vincent, que lhe enviassem um cart\u00e3o escrito \u00e0 m\u00e3o ou virtual para que pudessem entregar-lhe.<\/p>\n<p>Esta iniciativa surgiu logo depois que a Dra. Daniela Simon, respons\u00e1vel pelo caso do paciente, \u201crecha\u00e7ou\u201d o pedido dos pais de Vincent para que seus filhos, o seu irm\u00e3o David e sua fam\u00edlia pudessem visit\u00e1-lo no dia do seu anivers\u00e1rio.<\/p>\n<p>Os advogados de Vincent est\u00e3o tomando a\u00e7\u00f5es para poder levantar as restri\u00e7\u00f5es, como por exemplo para que possa receber visitas.<\/p>\n<p>Em m\u00eas passado de julho, o tribunal de Reims concedeu a tutela legal de Vincent a Rachel Lambert, sua esposa.<\/p>\n<p>Vincent Lambert ficou tetrapl\u00e9gico ap\u00f3s sofre um acidente de moto em 2008. Seus pais, Pierre e Viviane, est\u00e3o lutando por manter o seu filho vivo ante os tribunais franceses desde 2013, quando sua esposa Rachel solicitou que lhe praticassem a eutan\u00e1sia.<\/p>\n<p style=\"text-align: justify;\">\u00a0<\/p>\n<p style=\"text-align: justify;\">Fonte: Acidigital<\/p>\n","protected":false},"excerpt":{"rendered":"<p>PARIS, (ACI).- Hoje Vincent Lambert completa 40 anos, um franc\u00eas tetrapl\u00e9gico cujo caso tenta ser manipulado por alguns promotores da eutan\u00e1sia na Fran\u00e7a, n\u00e3o poder\u00e1 receber visitas pelo seu anivers\u00e1rio porque os m\u00e9dicos do hospital de Reims n\u00e3o deixaram. Entretanto, seus entes queridos lhe enviaram um detalhe especial.\u00a0 Em um comunicado publicado em sua p\u00e1gina, [&hellip;]<\/p>\n","protected":false},"author":1,"featured_media":18072,"comment_status":"open","ping_status":"open","sticky":false,"template":"","format":"standard","meta":{"footnotes":""},"categories":[4],"tags":[],"class_list":["post-18073","post","type-post","status-publish","format-standard","has-post-thumbnail","hentry","category-cotidiano"],"_links":{"self":[{"href":"https:\/\/catolicanet.net\/wp-cnet\/wp-json\/wp\/v2\/posts\/18073","targetHints":{"allow":["GET"]}}],"collection":[{"href":"https:\/\/catolicanet.net\/wp-cnet\/wp-json\/wp\/v2\/posts"}],"about":[{"href":"https:\/\/catolicanet.net\/wp-cnet\/wp-json\/wp\/v2\/types\/post"}],"author":[{"embeddable":true,"href":"https:\/\/catolicanet.net\/wp-cnet\/wp-json\/wp\/v2\/users\/1"}],"replies":[{"embeddable":true,"href":"https:\/\/catolicanet.net\/wp-cnet\/wp-json\/wp\/v2\/comments?post=18073"}],"version-history":[{"count":1,"href":"https:\/\/catolicanet.net\/wp-cnet\/wp-json\/wp\/v2\/posts\/18073\/revisions"}],"predecessor-version":[{"id":25210,"href":"https:\/\/catolicanet.net\/wp-cnet\/wp-json\/wp\/v2\/posts\/18073\/revisions\/25210"}],"wp:featuredmedia":[{"embeddable":true,"href":"https:\/\/catolicanet.net\/wp-cnet\/wp-json\/wp\/v2\/media\/18072"}],"wp:attachment":[{"href":"https:\/\/catolicanet.net\/wp-cnet\/wp-json\/wp\/v2\/media?parent=18073"}],"wp:term":[{"taxonomy":"category","embeddable":true,"href":"https:\/\/catolicanet.net\/wp-cnet\/wp-json\/wp\/v2\/categories?post=18073"},{"taxonomy":"post_tag","embeddable":true,"href":"https:\/\/catolicanet.net\/wp-cnet\/wp-json\/wp\/v2\/tags?post=18073"}],"curies":[{"name":"wp","href":"https:\/\/api.w.org\/{rel}","templated":true}]}}