{"id":18069,"date":"2023-09-21T00:00:45","date_gmt":"2023-09-21T03:00:45","guid":{"rendered":"http:\/\/catolicanet.net\/wp-cnet\/2016\/09\/21\/sao-mateus-apostolo-e-evangelista\/"},"modified":"2023-01-02T17:19:12","modified_gmt":"2023-01-02T20:19:12","slug":"sao-mateus-apostolo-e-evangelista","status":"publish","type":"post","link":"https:\/\/catolicanet.net\/wp-cnet\/sao-mateus-apostolo-e-evangelista\/","title":{"rendered":"S\u00e3o Mateus"},"content":{"rendered":"<p style=\"text-align: justify;\">S\u00e3o Mateus deixou tudo imediatamente, pondo de lado a vida ligada ao dinheiro e ao poder para um servi\u00e7o de perfeita pobreza<\/p>\n<p>A Igreja celebra hoje, de forma especial, a vida de S\u00e3o Mateus ap\u00f3stolo e evangelista, cujo nome antes da convers\u00e3o era Levi. Morava e trabalhava como coletor de impostos em Cafarnaum, na Palestina. Quando ouviu a Palavra de Jesus: \u201cSegue-me\u201d deixou tudo imediatamente, pondo de lado a vida ligada ao dinheiro e ao poder para um servi\u00e7o de perfeita pobreza: a proclama\u00e7\u00e3o da mensagem crist\u00e3!<\/p>\n<p>Mateus era um rico coletor de impostos e respondeu ao chamado do Mestre com entusiasmo. Encontramos no Evangelho de S\u00e3o Lucas a pessoa de Mateus que prepara e convida o Mestre para a grande festa de despedida em sua casa. Assim, uma numerosa multid\u00e3o de publicanos e outros tantos condenados aos olhos do povo, sentaram-se \u00e0 mesa com ele e com \u00c0quele que veio, n\u00e3o para os s\u00e3os, mas sim para os doentes; n\u00e3o para os justos, mas para os pecadores. Chamando-os \u00e0 convers\u00e3o e \u00e0 vida nova.<\/p>\n<p>Por isso tocado pela miseric\u00f3rdia Daquele a quem olhou e amou, no sil\u00eancio e com discri\u00e7\u00e3o, livrou-se do dinheiro fazendo o bem.<\/p>\n<p>\u00c9 no Evangelho de Mateus que contemplamos mais amplamente trechos referentes ao uso do dinheiro, tais como: \u201cN\u00e3o ajunteis para v\u00f3s, tesouros na terra, onde a tra\u00e7a e o caruncho os destroem.\u201d e ainda:\u201cN\u00e3o podeis servir a Deus e ao dinheiro.\u201d<\/p>\n<p>Com Judas, por\u00e9m, ficou o encargo de \u201ccaixa\u201d da pequena comunidade apost\u00f3lica que Jesus formava com os seus. Mateus deixa todo seu dinheiro para seguir a Jesus, e Judas, ao contr\u00e1rio, trai Jesus por trinta moedas!<\/p>\n<p>Este ap\u00f3stolo a quem festejamos hoje com toda a Igreja, cujo significado do nome \u00e9 Dom de Deus, ficou conhecido no Cristianismo nem tanto pela sua obra mission\u00e1ria no Oriente, mas sim pelo Evangelho que guiado pelo carisma extraordin\u00e1rio da inspira\u00e7\u00e3o p\u00f4de escrever, entre 80-90 na S\u00edria e Palestina, grande parte da vida e ensinamentos de Jesus. Celebramos tamb\u00e9m seu mart\u00edrio que acabou fechando com a palma da vit\u00f3ria o testemunho deste ap\u00f3stolo, santo e evangelista.<\/p>\n<p style=\"text-align: justify;\">\u00a0S\u00e3o Mateus, rogai por n\u00f3s!<\/p>\n","protected":false},"excerpt":{"rendered":"<p>S\u00e3o Mateus deixou tudo imediatamente, pondo de lado a vida ligada ao dinheiro e ao poder para um servi\u00e7o de perfeita pobreza A Igreja celebra hoje, de forma especial, a vida de S\u00e3o Mateus ap\u00f3stolo e evangelista, cujo nome antes da convers\u00e3o era Levi. Morava e trabalhava como coletor de impostos em Cafarnaum, na Palestina. [&hellip;]<\/p>\n","protected":false},"author":1,"featured_media":0,"comment_status":"open","ping_status":"open","sticky":false,"template":"","format":"standard","meta":{"footnotes":""},"categories":[32],"tags":[],"class_list":["post-18069","post","type-post","status-publish","format-standard","hentry","category-santo-do-dia"],"_links":{"self":[{"href":"https:\/\/catolicanet.net\/wp-cnet\/wp-json\/wp\/v2\/posts\/18069","targetHints":{"allow":["GET"]}}],"collection":[{"href":"https:\/\/catolicanet.net\/wp-cnet\/wp-json\/wp\/v2\/posts"}],"about":[{"href":"https:\/\/catolicanet.net\/wp-cnet\/wp-json\/wp\/v2\/types\/post"}],"author":[{"embeddable":true,"href":"https:\/\/catolicanet.net\/wp-cnet\/wp-json\/wp\/v2\/users\/1"}],"replies":[{"embeddable":true,"href":"https:\/\/catolicanet.net\/wp-cnet\/wp-json\/wp\/v2\/comments?post=18069"}],"version-history":[{"count":4,"href":"https:\/\/catolicanet.net\/wp-cnet\/wp-json\/wp\/v2\/posts\/18069\/revisions"}],"predecessor-version":[{"id":22779,"href":"https:\/\/catolicanet.net\/wp-cnet\/wp-json\/wp\/v2\/posts\/18069\/revisions\/22779"}],"wp:attachment":[{"href":"https:\/\/catolicanet.net\/wp-cnet\/wp-json\/wp\/v2\/media?parent=18069"}],"wp:term":[{"taxonomy":"category","embeddable":true,"href":"https:\/\/catolicanet.net\/wp-cnet\/wp-json\/wp\/v2\/categories?post=18069"},{"taxonomy":"post_tag","embeddable":true,"href":"https:\/\/catolicanet.net\/wp-cnet\/wp-json\/wp\/v2\/tags?post=18069"}],"curies":[{"name":"wp","href":"https:\/\/api.w.org\/{rel}","templated":true}]}}