{"id":18051,"date":"2016-09-19T18:40:46","date_gmt":"2016-09-19T21:40:46","guid":{"rendered":"http:\/\/catolicanet.net\/wp-cnet\/2016\/09\/19\/falece-famoso-exorcista-gabriele-amorth-aos-91-anos\/"},"modified":"2017-05-30T16:40:24","modified_gmt":"2017-05-30T19:40:24","slug":"falece-famoso-exorcista-gabriele-amorth-aos-91-anos","status":"publish","type":"post","link":"https:\/\/catolicanet.net\/wp-cnet\/falece-famoso-exorcista-gabriele-amorth-aos-91-anos\/","title":{"rendered":"Falece famoso exorcista Gabriele Amorth aos 91 anos"},"content":{"rendered":"<p style=\"text-align: justify;\"><img decoding=\"async\" src=\"http:\/\/www.catolicanet.com.br\/images\/stories\/noticias\/peamorth_160916.jpg\" border=\"0\" align=\"left\" \/>Roma, 16 Set. 16 \/ 06:17 pm (ACI).- O famoso sacerdote exorcista Pe. Gabriele Amorth, faleceu nesta sexta-feira 16 de setembro \u00e0s 7:50 p.m., hora da It\u00e1lia, aos 91 anos. O religioso se encontrava h\u00e1 algumas semanas no hospital da Funda\u00e7\u00e3o Santa Luzia de Roma devido a doen\u00e7as pulmonares.<\/p>\n<p>A not\u00edcia da morte do c\u00e9lebre exorcista foi dada pela Sociedade de S\u00e3o Paulo, fundada pelo Pe. Santiago Alberione em 1914 e \u00e0 qual pertencia o sacerdote.<\/p>\n<p>O Pe. Amorth nasceu em 1 de maio de 1925. Foi ordenado sacerdote em janeiro de 1951. Sua tarefa como exorcista se iniciou em 1985 quando foi nomeado para essa miss\u00e3o. Chegou a realizar dezenas de milhares de exorcismos.<\/p>\n<p>O Pe. Amorth fundou a Associa\u00e7\u00e3o Internacional de Exorcistas em 1990 e foi seu presidente at\u00e9 que se aposentou aos 75 anos no 2000.<\/p>\n<p>O Pe. Amorth, assinala uma nota do Grupo Editorial S\u00e3o Paulo, desempenhou numerosas fun\u00e7\u00f5es na Sociedade sacerdotal \u00e0 que pertenceu, entre as quais se destacam o trabalho de formador dos jovens aspirantes e religiosos, delegado da Prov\u00edncia da It\u00e1lia, animador espiritual de v\u00e1rias institui\u00e7\u00f5es laicas paulinas. Tamb\u00e9m foi jornalista.<\/p>\n<p>Durante muitos anos dirigiu o boletim mensal M\u00e3e de Deus e colaborou com as publica\u00e7\u00f5es italianas Famiglia Cristiana, Credere, Telenova; e com R\u00e1dio Maria.<\/p>\n<p>O Superior Geral da Sociedade S\u00e3o Paulo, Pe. Valdir Jos\u00e9 de Castro, recorda o P. Amorth com \u201cimenso afeto e gratid\u00e3o\u201d.<\/p>\n<p>Entre as publica\u00e7\u00f5es do famoso sacerdote est\u00e3o \u201cNarra\u00e7\u00f5es de um exorcista\u201d (1993), \u201cUm exorcista conta sua hist\u00f3ria\u201d 1999, \u201cEvangelho de Maria: Um m\u00eas com a m\u00e3e do Deus\u201d 2000, \u201cUm exorcista: Mais hist\u00f3ria\u201d 2002, \u201cExorcismo e psiquiatria\u201d 2002, e \u201cMem\u00f3rias de um exorcista\u201d, uma entrevista realizada pelo vaticanista italiano Marco Tosatti, publicada em 2010.<\/p>\n<p>O Pe. Amorth tamb\u00e9m dedicou um livro ao Padre Pio de Pietrelcina, o sacerdote que teve os estigmas de Cristo e cuja festa se celebra em 23 de setembro, intitulado \u201cPadre Pio: Hist\u00f3ria da vida de um santo\u201d.<\/p>\n<p style=\"text-align: justify;\">\u00a0<\/p>\n<p style=\"text-align: justify;\">Fonte: Acidigital<\/p>\n","protected":false},"excerpt":{"rendered":"<p>Roma, 16 Set. 16 \/ 06:17 pm (ACI).- O famoso sacerdote exorcista Pe. Gabriele Amorth, faleceu nesta sexta-feira 16 de setembro \u00e0s 7:50 p.m., hora da It\u00e1lia, aos 91 anos. O religioso se encontrava h\u00e1 algumas semanas no hospital da Funda\u00e7\u00e3o Santa Luzia de Roma devido a doen\u00e7as pulmonares. A not\u00edcia da morte do c\u00e9lebre [&hellip;]<\/p>\n","protected":false},"author":1,"featured_media":18050,"comment_status":"open","ping_status":"open","sticky":false,"template":"","format":"standard","meta":{"footnotes":""},"categories":[4],"tags":[],"class_list":["post-18051","post","type-post","status-publish","format-standard","has-post-thumbnail","hentry","category-cotidiano"],"_links":{"self":[{"href":"https:\/\/catolicanet.net\/wp-cnet\/wp-json\/wp\/v2\/posts\/18051","targetHints":{"allow":["GET"]}}],"collection":[{"href":"https:\/\/catolicanet.net\/wp-cnet\/wp-json\/wp\/v2\/posts"}],"about":[{"href":"https:\/\/catolicanet.net\/wp-cnet\/wp-json\/wp\/v2\/types\/post"}],"author":[{"embeddable":true,"href":"https:\/\/catolicanet.net\/wp-cnet\/wp-json\/wp\/v2\/users\/1"}],"replies":[{"embeddable":true,"href":"https:\/\/catolicanet.net\/wp-cnet\/wp-json\/wp\/v2\/comments?post=18051"}],"version-history":[{"count":1,"href":"https:\/\/catolicanet.net\/wp-cnet\/wp-json\/wp\/v2\/posts\/18051\/revisions"}],"predecessor-version":[{"id":25216,"href":"https:\/\/catolicanet.net\/wp-cnet\/wp-json\/wp\/v2\/posts\/18051\/revisions\/25216"}],"wp:featuredmedia":[{"embeddable":true,"href":"https:\/\/catolicanet.net\/wp-cnet\/wp-json\/wp\/v2\/media\/18050"}],"wp:attachment":[{"href":"https:\/\/catolicanet.net\/wp-cnet\/wp-json\/wp\/v2\/media?parent=18051"}],"wp:term":[{"taxonomy":"category","embeddable":true,"href":"https:\/\/catolicanet.net\/wp-cnet\/wp-json\/wp\/v2\/categories?post=18051"},{"taxonomy":"post_tag","embeddable":true,"href":"https:\/\/catolicanet.net\/wp-cnet\/wp-json\/wp\/v2\/tags?post=18051"}],"curies":[{"name":"wp","href":"https:\/\/api.w.org\/{rel}","templated":true}]}}