{"id":18041,"date":"2016-09-19T14:00:47","date_gmt":"2016-09-19T17:00:47","guid":{"rendered":"http:\/\/catolicanet.net\/wp-cnet\/2016\/09\/19\/o-papa-em-assis-acompanhe-com-a-rv\/"},"modified":"2017-06-02T11:29:42","modified_gmt":"2017-06-02T14:29:42","slug":"o-papa-em-assis-acompanhe-com-a-rv","status":"publish","type":"post","link":"https:\/\/catolicanet.net\/wp-cnet\/o-papa-em-assis-acompanhe-com-a-rv\/","title":{"rendered":"O Papa em Assis: acompanhe com a RV"},"content":{"rendered":"<p style=\"text-align: justify;\"><img decoding=\"async\" src=\"http:\/\/www.catolicanet.com.br\/images\/stories\/noticias\/rv19314_articolo.jpg\" border=\"0\" align=\"left\" \/>Assis (RV) \u2013 Mais de 500 l\u00edderes religiosos, personalidades da pol\u00edtica e da cultura participaram na cidade de Assis da inaugura\u00e7\u00e3o na tarde de domingo (18\/09) do evento \u201cSede de Paz\u201d, para comemorar os 30 anos da primeiro encontro inter-religioso promovido por S. Jo\u00e3o Paulo II.<\/p>\n<p style=\"text-align: justify;\">\u00a0<\/p>\n<p style=\"text-align: justify;\"><a href=\"http:\/\/media02.radiovaticana.va\/audio\/audio2\/mp3\/00548827.mp3\">Clique aqui para ouvir.<\/a><\/p>\n<p style=\"text-align: justify;\">\u00a0<\/p>\n<p style=\"text-align: justify;\">\u201cAquela voz hoje, depois de 30 anos, \u00e9 mais forte e o esp\u00edrito que a sustenta se difundiu e deu coragem a muitas pessoas no mundo\u201d, disse o Presidente da Comunidade de Santo Eg\u00eddio, Marco Impagliazzo, promotora do evento.<\/p>\n<p>O Arcebispo de Assis, Dom Domenico Sorrentino, convidou os participantes a seguirem o exemplo de S\u00e3o Francisco ao buscar um \u201cdi\u00e1logo cordial com os fi\u00e9is\u201d para \u201cconstruir a paz contando com a for\u00e7a da ora\u00e7\u00e3o\u201d.<\/p>\n<p>H\u00e1 grande expectativa para a chegada do Papa Francisco a Assis na ter\u00e7a-feira (20\/09). Na parte da manh\u00e3, o Pont\u00edfice se reunir\u00e1 com os l\u00edderes religiosos para uma sauda\u00e7\u00e3o. \u00c0 tarde, o Papa encontrar\u00e1 individualmente o Patriarca Bartolomeu, o Arcebispo anglicano Justin Welby, o Patriarca s\u00edrio-ortodoxo de Antioquia Efrem II e os representantes mu\u00e7ulmano e judeu. <\/p>\n<p>Acompanhe com a RV<\/p>\n<p>Na sequ\u00eancia, \u00e0s 16h, haver\u00e1 um momento de ora\u00e7\u00e3o pela paz: os crist\u00e3os rezar\u00e3o na Bas\u00edlica Inferior de S\u00e3o Francisco. Este evento ser\u00e1 transmitido ao vivo pela R\u00e1dio Vaticano, com coment\u00e1rios em portugu\u00eas.<\/p>\n<p>\u00c0s 17h15, na pra\u00e7a S. Francisco, haver\u00e1 a cerim\u00f4nia conclusiva, que prev\u00ea, entre outros momentos, a mensagem de uma testemunha v\u00edtima de guerra, o discurso do Papa e a leitura de um Apelo pela paz.<\/p>\n<p>No Angelus do \u00faltimo domingo (18\/09), o Pont\u00edfice convidou as par\u00f3quias e os fi\u00e9is de todo o mundo \u201ca viverem este dia como uma Jornada de ora\u00e7\u00e3o pela paz\u201d, seguindo o exemplo de S\u00e3o Francisco para oferecer ao mundo um \u201cforte testemunho do nosso compromisso comum pela paz e a reconcilia\u00e7\u00e3o entre os povos\u201d.<\/p>\n<p style=\"text-align: justify;\">\u00a0<\/p>\n<p style=\"text-align: justify;\">Fonte: R\u00e1dio Vaticano<\/p>\n","protected":false},"excerpt":{"rendered":"<p>Assis (RV) \u2013 Mais de 500 l\u00edderes religiosos, personalidades da pol\u00edtica e da cultura participaram na cidade de Assis da inaugura\u00e7\u00e3o na tarde de domingo (18\/09) do evento \u201cSede de Paz\u201d, para comemorar os 30 anos da primeiro encontro inter-religioso promovido por S. Jo\u00e3o Paulo II. \u00a0 Clique aqui para ouvir. \u00a0 \u201cAquela voz hoje, [&hellip;]<\/p>\n","protected":false},"author":1,"featured_media":18040,"comment_status":"open","ping_status":"open","sticky":false,"template":"","format":"standard","meta":{"footnotes":""},"categories":[3],"tags":[],"class_list":["post-18041","post","type-post","status-publish","format-standard","has-post-thumbnail","hentry","category-vaticano"],"_links":{"self":[{"href":"https:\/\/catolicanet.net\/wp-cnet\/wp-json\/wp\/v2\/posts\/18041","targetHints":{"allow":["GET"]}}],"collection":[{"href":"https:\/\/catolicanet.net\/wp-cnet\/wp-json\/wp\/v2\/posts"}],"about":[{"href":"https:\/\/catolicanet.net\/wp-cnet\/wp-json\/wp\/v2\/types\/post"}],"author":[{"embeddable":true,"href":"https:\/\/catolicanet.net\/wp-cnet\/wp-json\/wp\/v2\/users\/1"}],"replies":[{"embeddable":true,"href":"https:\/\/catolicanet.net\/wp-cnet\/wp-json\/wp\/v2\/comments?post=18041"}],"version-history":[{"count":1,"href":"https:\/\/catolicanet.net\/wp-cnet\/wp-json\/wp\/v2\/posts\/18041\/revisions"}],"predecessor-version":[{"id":27515,"href":"https:\/\/catolicanet.net\/wp-cnet\/wp-json\/wp\/v2\/posts\/18041\/revisions\/27515"}],"wp:featuredmedia":[{"embeddable":true,"href":"https:\/\/catolicanet.net\/wp-cnet\/wp-json\/wp\/v2\/media\/18040"}],"wp:attachment":[{"href":"https:\/\/catolicanet.net\/wp-cnet\/wp-json\/wp\/v2\/media?parent=18041"}],"wp:term":[{"taxonomy":"category","embeddable":true,"href":"https:\/\/catolicanet.net\/wp-cnet\/wp-json\/wp\/v2\/categories?post=18041"},{"taxonomy":"post_tag","embeddable":true,"href":"https:\/\/catolicanet.net\/wp-cnet\/wp-json\/wp\/v2\/tags?post=18041"}],"curies":[{"name":"wp","href":"https:\/\/api.w.org\/{rel}","templated":true}]}}