{"id":18037,"date":"2016-09-19T13:48:54","date_gmt":"2016-09-19T16:48:54","guid":{"rendered":"http:\/\/catolicanet.net\/wp-cnet\/2016\/09\/19\/instituicoes-catolicas-assinam-acordo-em-prol-da-infancia\/"},"modified":"2017-06-02T11:00:06","modified_gmt":"2017-06-02T14:00:06","slug":"instituicoes-catolicas-assinam-acordo-em-prol-da-infancia","status":"publish","type":"post","link":"https:\/\/catolicanet.net\/wp-cnet\/instituicoes-catolicas-assinam-acordo-em-prol-da-infancia\/","title":{"rendered":"Institui\u00e7\u00f5es cat\u00f3licas assinam Acordo em prol da inf\u00e2ncia"},"content":{"rendered":"<p style=\"text-align: justify;\"><img decoding=\"async\" src=\"http:\/\/www.catolicanet.com.br\/images\/stories\/noticias\/ap3635964_articolo.jpg\" border=\"0\" align=\"left\" \/>Bras\u00edlia (RV) \u2013 Na \u00faltima sexta-feira (16\/09), onze institui\u00e7\u00f5es cat\u00f3licas assinaram na sede da CNBB, em Bras\u00edlia (DF), o Acordo de Coopera\u00e7\u00e3o pela Dignidade e Direitos das Crian\u00e7as e Adolescentes Brasileiros, promovido pelo Escrit\u00f3rio Internacional Cat\u00f3lica da Inf\u00e2ncia (Bice).<\/p>\n<p>O Bice \u00e9 uma rede cat\u00f3lica internacional de organiza\u00e7\u00f5es que se dedicam \u00e0 promo\u00e7\u00e3o e prote\u00e7\u00e3o da dignidade e dos direitos das crian\u00e7as e adolescentes.<\/p>\n<p>De acordo com o Presidente da Comiss\u00e3o Episcopal Pastoral para o Servi\u00e7o da Caridade, da Justi\u00e7a e da Paz da CNBB, Dom Guilherme Ant\u00f4nio Werlang, as organiza\u00e7\u00f5es precisam se questionar \u201cqual \u00e9 o grande abra\u00e7o que devem \u00e0s crian\u00e7as brasileiras?\u201d, j\u00e1 que o atual sistema as abandona. \u201cEducar e formar para a vida \u00e9 muito mais que alfabetizar. \u00c9 passar valores e torn\u00e1-las protagonistas. A inf\u00e2ncia e adolesc\u00eancia s\u00e3o o canteiro do jardim de Deus\u201d, afirmou.<\/p>\n<p>Uni\u00e3o<\/p>\n<p>Al\u00e9m do Bice, assinaram o Acordo a Confer\u00eancia Nacional dos Bispos do Brasil (CNBB); Associa\u00e7\u00e3o Nacional de Educa\u00e7\u00e3o Cat\u00f3lica do Brasil (Anec); C\u00e1ritas Brasileira; Confer\u00eancia dos Religiosos do Brasil (CRB); Pastoral da Crian\u00e7a; Pastoral do Menor; Rede Jesu\u00edta Brasil; Rede La Salle; Rede Salesiana do Brasil e a Uni\u00e3o Marista do Brasil.<\/p>\n<p>O acordo com suas a\u00e7\u00f5es \u00e9 voltado para gestores de pol\u00edticas p\u00fablicas, Conselhos Federais, Estaduais e Municipais, F\u00f3runs, Organiza\u00e7\u00f5es da sociedade civil e autoridades ligados ao trabalho da promo\u00e7\u00e3o, defesa e garantia dos direitos das crian\u00e7as e adolescentes.<\/p>\n<p style=\"text-align: justify;\">\u00a0<\/p>\n<p style=\"text-align: justify;\">Fonte: R\u00e1dio Vaticano<\/p>\n","protected":false},"excerpt":{"rendered":"<p>Bras\u00edlia (RV) \u2013 Na \u00faltima sexta-feira (16\/09), onze institui\u00e7\u00f5es cat\u00f3licas assinaram na sede da CNBB, em Bras\u00edlia (DF), o Acordo de Coopera\u00e7\u00e3o pela Dignidade e Direitos das Crian\u00e7as e Adolescentes Brasileiros, promovido pelo Escrit\u00f3rio Internacional Cat\u00f3lica da Inf\u00e2ncia (Bice). O Bice \u00e9 uma rede cat\u00f3lica internacional de organiza\u00e7\u00f5es que se dedicam \u00e0 promo\u00e7\u00e3o e prote\u00e7\u00e3o [&hellip;]<\/p>\n","protected":false},"author":1,"featured_media":18036,"comment_status":"open","ping_status":"open","sticky":false,"template":"","format":"standard","meta":{"footnotes":""},"categories":[3],"tags":[],"class_list":["post-18037","post","type-post","status-publish","format-standard","has-post-thumbnail","hentry","category-vaticano"],"_links":{"self":[{"href":"https:\/\/catolicanet.net\/wp-cnet\/wp-json\/wp\/v2\/posts\/18037","targetHints":{"allow":["GET"]}}],"collection":[{"href":"https:\/\/catolicanet.net\/wp-cnet\/wp-json\/wp\/v2\/posts"}],"about":[{"href":"https:\/\/catolicanet.net\/wp-cnet\/wp-json\/wp\/v2\/types\/post"}],"author":[{"embeddable":true,"href":"https:\/\/catolicanet.net\/wp-cnet\/wp-json\/wp\/v2\/users\/1"}],"replies":[{"embeddable":true,"href":"https:\/\/catolicanet.net\/wp-cnet\/wp-json\/wp\/v2\/comments?post=18037"}],"version-history":[{"count":1,"href":"https:\/\/catolicanet.net\/wp-cnet\/wp-json\/wp\/v2\/posts\/18037\/revisions"}],"predecessor-version":[{"id":27517,"href":"https:\/\/catolicanet.net\/wp-cnet\/wp-json\/wp\/v2\/posts\/18037\/revisions\/27517"}],"wp:featuredmedia":[{"embeddable":true,"href":"https:\/\/catolicanet.net\/wp-cnet\/wp-json\/wp\/v2\/media\/18036"}],"wp:attachment":[{"href":"https:\/\/catolicanet.net\/wp-cnet\/wp-json\/wp\/v2\/media?parent=18037"}],"wp:term":[{"taxonomy":"category","embeddable":true,"href":"https:\/\/catolicanet.net\/wp-cnet\/wp-json\/wp\/v2\/categories?post=18037"},{"taxonomy":"post_tag","embeddable":true,"href":"https:\/\/catolicanet.net\/wp-cnet\/wp-json\/wp\/v2\/tags?post=18037"}],"curies":[{"name":"wp","href":"https:\/\/api.w.org\/{rel}","templated":true}]}}