{"id":18033,"date":"2016-09-19T12:58:33","date_gmt":"2016-09-19T15:58:33","guid":{"rendered":"http:\/\/catolicanet.net\/wp-cnet\/2016\/09\/19\/francisco-levar-avante-a-luz-da-fe-toda-mafia-e-obscura\/"},"modified":"2017-06-02T10:52:16","modified_gmt":"2017-06-02T13:52:16","slug":"francisco-levar-avante-a-luz-da-fe-toda-mafia-e-obscura","status":"publish","type":"post","link":"https:\/\/catolicanet.net\/wp-cnet\/francisco-levar-avante-a-luz-da-fe-toda-mafia-e-obscura\/","title":{"rendered":"Francisco: levar avante a luz da f\u00e9, toda m\u00e1fia \u00e9 obscura"},"content":{"rendered":"<p style=\"text-align: justify;\"><img decoding=\"async\" src=\"http:\/\/www.catolicanet.com.br\/images\/stories\/papas\/ansa1072299_articolo.jpg\" border=\"0\" align=\"left\" \/>Cidade do Vaticano (RV) \u2013 O Papa Francisco iniciou a semana celebrando a missa na capela da Casa Santa Marta na manh\u00e3 desta segunda-feira (19\/09). Em sua homilia, o Pont\u00edfice se inspirou no Evangelho do dia, extra\u00eddo de Mateus, para falar da luz da f\u00e9 e dos perigos que podem apag\u00e1-la.<\/p>\n<p style=\"text-align: justify;\">\u00a0<\/p>\n<p style=\"text-align: justify;\"><a href=\"http:\/\/media02.radiovaticana.va\/audio\/audio2\/mp3\/00548820.mp3\">Clique aqui para ouvir.<\/a><\/p>\n<p style=\"text-align: justify;\">\u00a0<\/p>\n<p style=\"text-align: justify;\">\u201cProteger a luz \u2013 disse \u2013 \u00e9 proteger algo que nos foi dado como dom. E se somos luminosos, somos luminosos neste sentido: por ter recebido o dom da luz no dia do Batismo\u201d. O Papa recordou que \u201cnos primeiros s\u00e9culos da Igreja, assim como em algumas Igrejas orientais, ainda hoje o Batismo se chama a Ilumina\u00e7\u00e3o\u201d.<\/p>\n<p>Toda m\u00e1fia \u00e9 obscura<\/p>\n<p>Francisco prosseguiu dizendo que esta luz n\u00e3o deve ser encoberta. \u201cSe voc\u00ea cobre esta luz, de fato, \u201cse torna morno ou simplesmente\u201d um \u201ccrist\u00e3o de nome\u201d. A luz da f\u00e9, disse ainda, \u201c\u00e9 uma luz verdadeira, que Jesus nos d\u00e1 no Batismo\u201d, \u201cn\u00e3o \u00e9 uma luz artificial, uma luz maquiada. \u00c9 uma luz suave, serena que n\u00e3o se apaga mais\u201d.<\/p>\n<p>Francisco ent\u00e3o falou de uma s\u00e9rie de comportamentos que podem esconder esta luz, recordando os conselhos que o Senhor nos oferece justamente para que esta luz n\u00e3o se torne obscura. Antes de tudo, exortou, \u201cn\u00e3o deixar esperando quem necessita\u201d:<\/p>\n<p style=\"text-align: justify;\">\u00a0<\/p>\n<p style=\"text-align: justify;\"><a href=\"https:\/\/www.youtube.com\/watch?v=MGrYN_qYmEA\">Clique aqui para assistir.<\/a><\/p>\n<p style=\"text-align: justify;\">\u00a0<\/p>\n<p style=\"text-align: justify;\">\u201cJamais adiar: o bem\u2026o bem n\u00e3o tolera ficar na geladeira: o bem \u00e9 hoje, e se voc\u00ea n\u00e3o o fizer hoje, amanh\u00e3 n\u00e3o haver\u00e1. N\u00e3o esconder o bem para amanh\u00e3: isso de \u2018vai, passa depois, o darei amanh\u00e3\u2019 encobre fortemente a luz; e tamb\u00e9m \u00e9 uma injusti\u00e7a\u2026 Outro modo \u2013 s\u00e3o conselhos para n\u00e3o encobrir a luz: n\u00e3o tramar o mal contra o seu pr\u00f3ximo, pois ele confia em voc\u00ea. Mas quantas vezes as pessoas t\u00eam confian\u00e7a numa pessoa e esta trama o mal para destru\u00ed-la, para suj\u00e1-la, para que seja ignorado\u2026 \u00c9 o pequeno pedacinho de m\u00e1fia que todos n\u00f3s temos \u00e0 m\u00e3o; quem se aproveita da confian\u00e7a do pr\u00f3ximo para tramar o mal \u00e9 um mafioso! \u2018Mas, eu n\u00e3o pertence a \u2026\u2019: mas esta \u00e9 m\u00e1fia, se aproveitar da confian\u00e7a \u2026 E isso encobre a luz. Faz com que se torne obscura. Toda m\u00e1fia \u00e9 obscura\u201d!<\/p>\n<p>N\u00e3o invejar os potentes<\/p>\n<p>O Papa ent\u00e3o destacou a tenta\u00e7\u00e3o de sempre brigar com algu\u00e9m, o prazer de brigar at\u00e9 com quem n\u00e3o nos fez \u201cnada de mal\u201d. \u201cSempre \u2013 constatou \u2013 procuramos alguma coisa para brigar. Mas no final brigar cansa: n\u00e3o se pode viver. \u00c9 melhor deixar passar, perdoar\u201d, \u201cfingir n\u00e3o ver algumas coisas&#8230; n\u00e3o brigar continuamente\u201d.<\/p>\n<p>\u201cUm outro conselho que este Pai d\u00e1 aos filhos para n\u00e3o cobrir a luz: \u2018N\u00e3o invejem o homem violento e n\u00e3o se irritem por todos os seus sucessos, porque o Senhor tem horror do pervertido, enquanto a sua amizade \u2013 do Senhor \u2013 \u00e9 para os justos\u2019.\u00a0 E muitas vezes, n\u00f3s, alguns, temos ci\u00fame, inveja daqueles que t\u00eam coisas, que t\u00eam sucesso, o que s\u00e3o violentos&#8230; Mas repassemos um pouco a hist\u00f3ria dos violentos, dos potentes&#8230; \u00c9 t\u00e3o simples: os mesmos vermes que nos comer\u00e3o, comer\u00e3o eles tamb\u00e9m; os mesmos! No final seremos todos iguais. Invejar, ah!, o poder, ter ci\u00fames\u2026 isto cobre a luz\u201d.<\/p>\n<p>Luz da f\u00e9<\/p>\n<p>Neste ponto, disse o Papa, fica o conselho de Jesus: \u201cSejam filhos da luz, e n\u00e3o filhos das trevas; sejam guardi\u00f5es da luz que lhes foi dada no dia do Batismo\u201d. E ainda: \u201cn\u00e3o a escondam debaixo da cama\u201d, mas \u201ccuidem da luz\u201d. E para proteger a luz, destacou, existem estes conselhos para serem praticados todos os dias. \u201cN\u00e3o s\u00e3o coisas estranhas, todos os dias vemos estas coisas que encobrem a luz\u201d.<\/p>\n<p>\u201cQue o Esp\u00edrito Santo, que todos n\u00f3s recebemos no Batismo, nos ajude a n\u00e3o cair nestes maus h\u00e1bitos que encobrem a luz, e nos ajude a levar adiante a luz recebida gratuitamente, aquela luz de Deus que faz t\u00e3o bem: a luz da amizade, a luz da mansid\u00e3o, a luz da f\u00e9, a luz da esperan\u00e7a, a luz da paci\u00eancia, a luz da bondade\u201d.<\/p>\n<p style=\"text-align: justify;\">\u00a0<\/p>\n<p style=\"text-align: justify;\">Fonte: R\u00e1dio Vaticano<\/p>\n","protected":false},"excerpt":{"rendered":"<p>Cidade do Vaticano (RV) \u2013 O Papa Francisco iniciou a semana celebrando a missa na capela da Casa Santa Marta na manh\u00e3 desta segunda-feira (19\/09). Em sua homilia, o Pont\u00edfice se inspirou no Evangelho do dia, extra\u00eddo de Mateus, para falar da luz da f\u00e9 e dos perigos que podem apag\u00e1-la. \u00a0 Clique aqui para [&hellip;]<\/p>\n","protected":false},"author":1,"featured_media":18032,"comment_status":"open","ping_status":"open","sticky":false,"template":"","format":"standard","meta":{"footnotes":""},"categories":[3],"tags":[],"class_list":["post-18033","post","type-post","status-publish","format-standard","has-post-thumbnail","hentry","category-vaticano"],"_links":{"self":[{"href":"https:\/\/catolicanet.net\/wp-cnet\/wp-json\/wp\/v2\/posts\/18033","targetHints":{"allow":["GET"]}}],"collection":[{"href":"https:\/\/catolicanet.net\/wp-cnet\/wp-json\/wp\/v2\/posts"}],"about":[{"href":"https:\/\/catolicanet.net\/wp-cnet\/wp-json\/wp\/v2\/types\/post"}],"author":[{"embeddable":true,"href":"https:\/\/catolicanet.net\/wp-cnet\/wp-json\/wp\/v2\/users\/1"}],"replies":[{"embeddable":true,"href":"https:\/\/catolicanet.net\/wp-cnet\/wp-json\/wp\/v2\/comments?post=18033"}],"version-history":[{"count":1,"href":"https:\/\/catolicanet.net\/wp-cnet\/wp-json\/wp\/v2\/posts\/18033\/revisions"}],"predecessor-version":[{"id":27519,"href":"https:\/\/catolicanet.net\/wp-cnet\/wp-json\/wp\/v2\/posts\/18033\/revisions\/27519"}],"wp:featuredmedia":[{"embeddable":true,"href":"https:\/\/catolicanet.net\/wp-cnet\/wp-json\/wp\/v2\/media\/18032"}],"wp:attachment":[{"href":"https:\/\/catolicanet.net\/wp-cnet\/wp-json\/wp\/v2\/media?parent=18033"}],"wp:term":[{"taxonomy":"category","embeddable":true,"href":"https:\/\/catolicanet.net\/wp-cnet\/wp-json\/wp\/v2\/categories?post=18033"},{"taxonomy":"post_tag","embeddable":true,"href":"https:\/\/catolicanet.net\/wp-cnet\/wp-json\/wp\/v2\/tags?post=18033"}],"curies":[{"name":"wp","href":"https:\/\/api.w.org\/{rel}","templated":true}]}}