{"id":18021,"date":"2016-09-11T03:00:00","date_gmt":"2016-09-11T06:00:00","guid":{"rendered":"http:\/\/catolicanet.net\/wp-cnet\/2016\/09\/11\/a-politica-em-favor-do-bem-comum\/"},"modified":"2017-05-05T16:48:39","modified_gmt":"2017-05-05T19:48:39","slug":"a-politica-em-favor-do-bem-comum","status":"publish","type":"post","link":"https:\/\/catolicanet.net\/wp-cnet\/a-politica-em-favor-do-bem-comum\/","title":{"rendered":"A pol\u00edtica em favor do bem comum"},"content":{"rendered":"<p style=\"text-align: justify;\">Depois de receber a maioria dos candidatos a prefeito da cidade de S\u00e3o Sebasti\u00e3o do Rio de Janeiro e escutar em uma reuni\u00e3o dezenas de candidatos a vereador, acredito que ser\u00e1 importante tecer alguma reflex\u00e3o sobre o tema eleitoral.<br \/>Em nossa reflex\u00e3o sobre o Dia da P\u00e1tria, em 07 de setembro passado, trouxemos num pequeno excerto sobre a import\u00e2ncia da pol\u00edtica, como pr\u00e1tica do bem comum e como uma das maiores virtudes que o ser humano pode ter em rela\u00e7\u00e3o a si mesmo, a toda comunidade dos seres humanos e a toda cria\u00e7\u00e3o.<br \/> A pol\u00edtica \u00e9 o &#8220;sal&#8221; que usamos para fomentar a sociedade crist\u00e3, seu modo de ser e seus valores. Neste ponto, da necessidade de evangelizar, vem-me \u00e0 mem\u00f3ria o &#8220;Serm\u00e3o de Santo Ant\u00f4nio&#8221; que foi proferido na cidade de S\u00e3o Luiz do Maranh\u00e3o, em 1654, pelo jesu\u00edta Padre Ant\u00f4nio Vieira, ao dizer: &#8220;V\u00f3s, diz Cristo, Senhor nosso, falando com os pregadores, sois o sal da terra: e chama-lhes sal da terra porque quer que fa\u00e7am na terra o que faz o sal. O efeito do sal \u00e9 impedir a corrup\u00e7\u00e3o; mas quando a terra se v\u00ea t\u00e3o corrupta como est\u00e1 a nossa, havendo tantos nela que t\u00eam of\u00edcio de sal, qual ser\u00e1, ou qual pode ser a causa desta corrup\u00e7\u00e3o? Ou \u00e9 porque o sal n\u00e3o salga, ou porque a terra se n\u00e3o deixa salgar. Ou \u00e9 porque o sal n\u00e3o salga, e os pregadores n\u00e3o pregam a verdadeira doutrina; ou porque a terra se n\u00e3o deixa salgar e os ouvintes, sendo verdadeira a doutrina que lhes d\u00e3o, a n\u00e3o querem receber. Ou \u00e9 porque o sal n\u00e3o salga, e os pregadores dizem uma coisa e fazem outra; ou porque a terra se n\u00e3o deixa salgar, e os ouvintes querem antes imitar o que eles fazem, que fazer o que dizem. Ou \u00e9 porque o sal n\u00e3o salga, e os pregadores se pregam a si e n\u00e3o a Cristo; ou porque a terra se n\u00e3o deixa salgar, e os ouvintes, em vez de servir a Cristo, servem a seus apetites. N\u00e3o \u00e9 tudo isto verdade? Ainda mal!&#8221;<br \/> Estudado, at\u00e9 nossos dias, como mestre na arte da ret\u00f3rica e da argumenta\u00e7\u00e3o, Padre Ant\u00f4nio Vieira naquele per\u00edodo hist\u00f3rico enfrentava grandes problemas sociais no pa\u00eds que come\u00e7ava a nascer. Entre v\u00e1rias quest\u00f5es, enfrentava despotismo dos colonos portugueses, a influ\u00eancia negativa de v\u00e1rias correntes contr\u00e1rias \u00e0 moral cat\u00f3lica, os pregadores que n\u00e3o cumpriam com zelo o seu of\u00edcio.<br \/>Entretanto, apesar de todas as adversidades, Padre Ant\u00f4nio Vieira sempre refletia o gosto do Evangelho com todos que o cercavam, pois percebia que s\u00f3 com a for\u00e7a do testemunho, que \u00e9 dado por gestos e por palavras, \u00e9 que conseguia se impor e levar a cabo sua miss\u00e3o. Afinal, se o sal n\u00e3o salga para que serve? J\u00e1 nos recorda o Evangelho.<br \/>\u00c9 na pol\u00edtica que o crist\u00e3o batizado \u00e9 chamado a ser sal do mundo, dar o gosto e testemunho do Cristo da Galileia nos nossos dias atuais, afinal, o Evangelho \u00e9 para todos os homens e mulheres de todos os tempos, lugares e culturas. Como o Cristo, no batismo recebemos esta miss\u00e3o para passar fazendo o bem, curar os cora\u00e7\u00f5es feridos e anunciar o Reino.<br \/> A pol\u00edtica \u00e9 uma quest\u00e3o t\u00e3o sobremaneira importante que at\u00e9 mesmo os que n\u00e3o tiveram contato com a forma judaico-crist\u00e3 de pensar j\u00e1 se ocupavam com ela. \u00c9 assim que em &#8220;A Rep\u00fablica&#8221; o pensador Plat\u00e3o j\u00e1 procurava meios de conviv\u00eancia harm\u00f4nica entre as pessoas, e de como deveriam agir os governantes em rela\u00e7\u00e3o aos governados, entre v\u00e1rios temas da pol\u00edtica como arte do comum.<br \/> \u00c9 importante lembrar que a pol\u00edtica da qual tratamos n\u00e3o \u00e9 pol\u00edtica de cunho ideol\u00f3gico-partid\u00e1rio deste ou daquele grupo, desta ou daquela ideologia. Tratamos da pol\u00edtica como forma de exerc\u00edcio pleno da cidadania por todos os nacionais, visando o crescimento local e nacional. Isto porque a Igreja e o Evangelho s\u00e3o maiores do que qualquer partido ou outra forma pol\u00edtico-partid\u00e1rio-ideol\u00f3gico.<br \/>Como crist\u00e3os, nas diversas formas que temos de participar da sociedade, somos chamados a servir \u00fanica e exclusivamente o Evangelho, para que o bem comum seja o que visa a nossa prega\u00e7\u00e3o.<br \/>Neste ponto, notamos que devemos sempre estar vigilantes para ser &#8220;sal&#8221; do mundo, pois os problemas de ontem s\u00e3o muito semelhantes \u00e0s quest\u00f5es que enfrentamos hoje, por isto que na enc\u00edclica &#8220;Laudato Si&#8221; o Santo Padre Francisco, logo de in\u00edcio, recorda-nos o seguinte: &#8220;Mais de cinquenta anos atr\u00e1s, quando o mundo estava oscilando sobre o fio duma crise nuclear, o Santo Papa Jo\u00e3o XXIII escreveu uma enc\u00edclica na qual n\u00e3o se limitava a rejeitar a guerra, mas quis transmitir uma proposta de paz. Dirigiu a sua mensagem Pacem in terris a todo o mundo cat\u00f3lico, mas acrescentava: e a todas as pessoas de boa vontade. Agora, \u00e0 vista da deteriora\u00e7\u00e3o global do ambiente, quero dirigir-me a cada pessoa que habita neste planeta. Na minha exorta\u00e7\u00e3o Evangelii gaudium, escrevi aos membros da Igreja, a fim de mobiliz\u00e1-los para um processo de reforma mission\u00e1ria ainda pendente. Nesta enc\u00edclica, pretendo especialmente entrar em di\u00e1logo com todos acerca da nossa casa comum&#8221;.<br \/>A &#8220;Casa Comum&#8221; \u00e9 regida por nossas escolhas nas urnas, porque os pol\u00edticos que ali colocamos v\u00e3o reger e gerenciar o er\u00e1rio p\u00fablico, as pol\u00edticas p\u00fablicas, as formas de organiza\u00e7\u00e3o, as leis que ser\u00e3o feitas, como estas ser\u00e3o executadas etc. Resumindo, toda nossa exist\u00eancia enquanto comunidade depende objetiva e diretamente das escolhas que fazemos. Por isto, repetindo, devemos ser &#8220;sal&#8221; na pol\u00edtica, e tamb\u00e9m devemos colocar pessoas sintonizadas e afinadas com o Evangelho, com este &#8220;sal&#8221; que nos norteia.<br \/>Rela\u00e7\u00e3o direta com ser &#8220;sal&#8221; do mundo \u00e9 que se quisermos ser &#8220;sal&#8221; deveremos prestar tributo somente a Deus, assim como nos ensina o Senhor no Evangelho de Mateus 22, 21. Devemos deixar de lado as propostas e forma que n\u00e3o pr\u00f3prias do crist\u00e3o e escolhermos a forma que \u00e9 inerente \u00e0 nossa forma crist\u00e3 de ser. Neste caso, o tributo que pagamos ao Senhor \u00e9 a ren\u00fancia a pequenas comodidades e favores n\u00e3o \u00e9ticos e morais, para que possamos mostrar que somos &#8220;sal&#8221;, mantemos o gosto que recebemos no batismo, e sabemos em quem acreditamos (2 Tim\u00f3teo 1, 12), por isto o testemunhamos.<br \/>Nestes dias passados, buscando inspira\u00e7\u00e3o dos santos bispos brasileiros do passado, que foram exemplos de unidade social e pol\u00edtica em suas Dioceses, independentemente dos gostos partid\u00e1rios, que lendo as mem\u00f3rias do grande Dom Silv\u00e9rio Gomes Pimenta, primeiro Arcebispo de Mariana e membro da Academia Brasileira de Letras, alertando seus sacerdotes em circulares sobre a P\u00e1tria, me motivei ao registro neste artigo: &#8220;&#8230;. a p\u00e1tria \u00e9 o lar com seus encantos, a escola e o col\u00e9gio com suas doces reminisc\u00eancias; \u00e9 o campo em que mourejamos e que fertilizamos com o nosso suor; \u00e9 a pra\u00e7a, teatros dos brinquedos de nossa inf\u00e2ncia&#8230;.. A P\u00e1tria \u00e9 o cemit\u00e9rio em que jazem nossos antepassados, e que espera nossos \u00faltimos despojos&#8221;&#8230;. e por a\u00ed Dom Silv\u00e9rio vai escrevendo e mostrando que era tamb\u00e9m um ardido patriota, al\u00e9m de santo e s\u00e1bio.<br \/> Exorto todas as pessoas de boa-vontade, sobretudo os nossos cat\u00f3licos, que procuremos nos abeberar desta fonte que \u00e9 o Evangelho para que nas pr\u00f3ximas elei\u00e7\u00f5es municipais, nas quais escolheremos para os pr\u00f3ximos 04 anos prefeito e vereadores, fa\u00e7amos a op\u00e7\u00e3o pelo interesse de todos, da comunidade, do bem comum. Como os cargos em disputa, prefeito e vereador, s\u00e3o de pessoas bem pr\u00f3ximas a n\u00f3s, \u00e9 muito importante que procuremos conversar com todos que for poss\u00edvel, saber suas propostas, conhecer sua vida passada, seus projetos, e se estes s\u00e3o preenchidos pelos valores que acreditamos. Desta forma, faremos com que Cristo cres\u00e7a e que cada um de n\u00f3s desapare\u00e7a, pois levaremos a Ele. Assim, agiremos para a maior gl\u00f3ria de Deus entre os homens, seremos o que se espera da Igreja e do Evangelho. E poderemos ser sal para o mundo e este, com certeza, aceitar\u00e1 que sejamos sal, pois teremos verdadeiro sabor que prov\u00eam s\u00f3 do Esp\u00edrito Santo.<\/p>\n","protected":false},"excerpt":{"rendered":"<p>Depois de receber a maioria dos candidatos a prefeito da cidade de S\u00e3o Sebasti\u00e3o do Rio de Janeiro e escutar em uma reuni\u00e3o dezenas de candidatos a vereador, acredito que ser\u00e1 importante tecer alguma reflex\u00e3o sobre o tema eleitoral.Em nossa reflex\u00e3o sobre o Dia da P\u00e1tria, em 07 de setembro passado, trouxemos num pequeno excerto [&hellip;]<\/p>\n","protected":false},"author":5,"featured_media":0,"comment_status":"open","ping_status":"open","sticky":false,"template":"","format":"standard","meta":{"footnotes":""},"categories":[9],"tags":[],"class_list":["post-18021","post","type-post","status-publish","format-standard","hentry","category-artigos"],"_links":{"self":[{"href":"https:\/\/catolicanet.net\/wp-cnet\/wp-json\/wp\/v2\/posts\/18021","targetHints":{"allow":["GET"]}}],"collection":[{"href":"https:\/\/catolicanet.net\/wp-cnet\/wp-json\/wp\/v2\/posts"}],"about":[{"href":"https:\/\/catolicanet.net\/wp-cnet\/wp-json\/wp\/v2\/types\/post"}],"author":[{"embeddable":true,"href":"https:\/\/catolicanet.net\/wp-cnet\/wp-json\/wp\/v2\/users\/5"}],"replies":[{"embeddable":true,"href":"https:\/\/catolicanet.net\/wp-cnet\/wp-json\/wp\/v2\/comments?post=18021"}],"version-history":[{"count":1,"href":"https:\/\/catolicanet.net\/wp-cnet\/wp-json\/wp\/v2\/posts\/18021\/revisions"}],"predecessor-version":[{"id":21323,"href":"https:\/\/catolicanet.net\/wp-cnet\/wp-json\/wp\/v2\/posts\/18021\/revisions\/21323"}],"wp:attachment":[{"href":"https:\/\/catolicanet.net\/wp-cnet\/wp-json\/wp\/v2\/media?parent=18021"}],"wp:term":[{"taxonomy":"category","embeddable":true,"href":"https:\/\/catolicanet.net\/wp-cnet\/wp-json\/wp\/v2\/categories?post=18021"},{"taxonomy":"post_tag","embeddable":true,"href":"https:\/\/catolicanet.net\/wp-cnet\/wp-json\/wp\/v2\/tags?post=18021"}],"curies":[{"name":"wp","href":"https:\/\/api.w.org\/{rel}","templated":true}]}}