{"id":18016,"date":"2016-09-19T12:09:41","date_gmt":"2016-09-19T15:09:41","guid":{"rendered":"http:\/\/catolicanet.net\/wp-cnet\/2016\/09\/19\/eucaristia-e-misericordia\/"},"modified":"2017-05-05T16:35:27","modified_gmt":"2017-05-05T19:35:27","slug":"eucaristia-e-misericordia","status":"publish","type":"post","link":"https:\/\/catolicanet.net\/wp-cnet\/eucaristia-e-misericordia\/","title":{"rendered":"Eucaristia e Miseric\u00f3rdia"},"content":{"rendered":"<p style=\"text-align: justify;\">Como j\u00e1 \u00e9 tradicional em nossa amada Arquidiocese, anualmente tenho a gra\u00e7a de investir no exerc\u00edcio do Minist\u00e9rio Extraordin\u00e1rio da Comunh\u00e3o Eucar\u00edstica os candidatos preparados pelos vicariatos para exercerem o of\u00edcio de primeiro auxiliar dos Ministros Ordin\u00e1rios da Comunh\u00e3o, que s\u00e3o todos os presb\u00edteros em suas sedes paroquiais, capelanias e comunidades eclesiais. Foi o que pude fazer neste final de semana. Meu primeiro agradecimento \u00e9 ao nosso bispo auxiliar, Dom Roque Costa Souza, pelo seu dedicado trabalho de acompanhamento desta pastoral. Minha palavra de gratid\u00e3o \u00e0 prepara\u00e7\u00e3o, que teve como art\u00edfice o Reverendo Padre Marcelo Batista.<br \/>A Eucaristia \u00e9 a fonte e o centro de toda a vida crist\u00e3, de tal forma que se pode afirmar que a Igreja vive da Eucaristia. Neste sentido, o servi\u00e7o lit\u00fargico dos ministros extraordin\u00e1rios da comunh\u00e3o deve ser entendido como express\u00e3o do cuidado pastoral para promover a devo\u00e7\u00e3o ao mist\u00e9rio eucar\u00edstico.<br \/>Toda a presid\u00eancia lit\u00fargica deve ser a express\u00e3o do \u201cCristo cabe\u00e7a da Igreja\u201d. Os fi\u00e9is batizados, primeiros destinat\u00e1rios da Celebra\u00e7\u00e3o da Santa Eucaristia, \u201cos leigos s\u00e3o admiravelmente chamados e munidos para que neles se produzam sempre mais abundantes frutos do Esp\u00edrito\u201d (Sacrosanctum Concilium, 34) e tornem-se \u201ch\u00f3stias espirituais, agrad\u00e1veis a Deus, por Jesus Cristo\u201d (1Ped 2,5).\u00a0 Todos os que exercem fun\u00e7\u00f5es dentro da celebra\u00e7\u00e3o: coroinhas, ministro extraordin\u00e1rio da Sagrada Comunh\u00e3o Eucar\u00edstica, animadores, leitores, salmista, minist\u00e9rio do canto (cantores), equipe de acolhida (recepcionista) \u201cdesempenhem um verdadeiro minist\u00e9rio lit\u00fargico. Cumpram sua fun\u00e7\u00e3o com a piedade e ordem que conv\u00e9m a t\u00e3o grande minist\u00e9rio. Sejam imbu\u00eddos do esp\u00edrito lit\u00fargico e preparados para executar as suas partes, perfeita e ordenadamente\u201d. (Sacrosanctum Concilium, 29). A concentra\u00e7\u00e3o e a capacidade de eleva\u00e7\u00e3o espiritual se refletem por inteiro na comunidade celebrante. \u201cNa liturgia, Deus fala a seu povo. E o povo responde a Deus, ora com c\u00e2nticos, ora com ora\u00e7\u00f5es\u201d. (Sacrosanctum Concilium, 33).<br \/>A miss\u00e3o do Ministro Extraordin\u00e1rio da Comunh\u00e3o Eucar\u00edstica \u00e9 um servi\u00e7o. Como servi\u00e7o deve ser uma participa\u00e7\u00e3o alheia ou desinteressada. Quem preside, quem prega e toda a equipe de celebra\u00e7\u00e3o n\u00e3o \u00e9 uma prestadora de servi\u00e7o.<br \/>Todos sabemos que a principal miss\u00e3o do Ministro Extraordin\u00e1rio da Comunh\u00e3o \u00e9 auxiliar na distribui\u00e7\u00e3o do Sacramento da Eucaristia. Sob esse aspecto j\u00e1 tive ocasi\u00e3o de escrever v\u00e1rias vezes. Entretanto, dentro do Ano Santo Extraordin\u00e1rio da Miseric\u00f3rdia, eu creio que \u00e9 uma grande obra de miseric\u00f3rdia o Ministro Extraordin\u00e1rio da Comunh\u00e3o Eucar\u00edstica empenhar-se, semana a semana, durante todo o ano na visita aos enfermos e encarcerados. Isso \u00e9 uma admir\u00e1vel obra de Miseric\u00f3rdia.<br \/>A principal diferen\u00e7a da visita do Ministro Extraordin\u00e1rio da Comunh\u00e3o ao irm\u00e3o enfermo \u00e9 a evangeliza\u00e7\u00e3o da fam\u00edlia que ser\u00e1 visitada pelo Sant\u00edssimo Sacramento. Gostaria de pedir aos novos ministros institu\u00eddos, assim como aos antigos, que antes de levarem comunh\u00e3o ao doente fa\u00e7am um tempo de ora\u00e7\u00e3o diante do sacr\u00e1rio, assim como conhe\u00e7am e visitem a fam\u00edlia do enfermo. Vamos evangelizar primeiro: conhecendo a realidade local. Conhecer as condi\u00e7\u00f5es de sa\u00fade do doente e se este necessita da confiss\u00e3o sacramental, e algumas vezes tamb\u00e9m da un\u00e7\u00e3o dos enfermos. Tamb\u00e9m ter aten\u00e7\u00e3o para n\u00e3o faltar, neste Ano Santo, a gra\u00e7a da Confiss\u00e3o aos doentes e encarcerados. O Ministro Extraordin\u00e1rio dever\u00e1 se questionar se o doente realmente tem condi\u00e7\u00f5es de entender o sacramento que est\u00e1 recebendo. Tamb\u00e9m a fam\u00edlia deve ser evangelizada, envolvida, conhecendo sua pr\u00e1tica religiosa e a participa\u00e7\u00e3o na vida da comunidade. Assim, a fam\u00edlia dever\u00e1 ser avisada quando o padre ou o Ministro Extraordin\u00e1rio da Comunh\u00e3o ir\u00e1 atender o doente, para que possa se preparar.<br \/>\u00c9 sempre importante orientar a fam\u00edlia como preparar o ambiente para a comunh\u00e3o Eucar\u00edstica. Seguir as normas e orienta\u00e7\u00f5es do Manual do Ministro Extraordin\u00e1rio da Sagrada Comunh\u00e3o Eucar\u00edstica e o Ritual para a visita ao doente: 1. Cuidar da teca, sangu\u00edneo, corporal e bolsa onde se leva o corpo do Senhor; 2. Manifestar de forma concreta e pr\u00e1tica o zelo pela Eucaristia. \u201cDeus age em n\u00f3s, por n\u00f3s e conosco\u201d.\u00a0\u00a0 3. N\u00e3o ficar conversando com as pessoas pelo caminho enquanto leva a Sagrada Eucaristia para o doente. Se poss\u00edvel levar junto um acompanhante para auxiliar nas ora\u00e7\u00f5es ou dirigir o ve\u00edculo. O acompanhante n\u00e3o necessariamente precisa ser um ministro institu\u00eddo. 4. Pode ocorrer que n\u00e3o foram consumidas as h\u00f3stias consagradas por ocasi\u00e3o da visita ao doente, n\u00e3o deixar guardada na sua casa. O p\u00e3o consagrado deve ser consumido na casa do \u00faltimo doente a ser visitado. O pr\u00f3prio Ministro da Sagrada Comunh\u00e3o deve consumir caso sobre. Cuidar bem da teca, sangu\u00edneo, corporal e bolsa utilizada para a comunh\u00e3o. Lembro que os idosos e doentes est\u00e3o dispensados do jejum eucar\u00edstico. Esse momento \u00fanico de Jesus, que \u00e9 dado na Santa Eucaristia aos doentes, \u00e9 o \u00e1pice da miseric\u00f3rdia da Igreja aos que est\u00e3o vivendo o sofrimento da doen\u00e7a.<br \/>Convido todos os ministros extraordin\u00e1rios estudarem a Instru\u00e7\u00e3o da \u201cCongrega\u00e7\u00e3o para o Culto Divino e Disciplina dos Sacramentos\u201d, \u201cRedemptionis Sacramentum\u201d, \u201csobre algumas coisas que se devem observar e evitar acerca da Sant\u00edssima Eucaristia\u201d, de 19 de mar\u00e7o de 2004. <br \/>Acesse: http:\/\/www.vatican.va\/roman_curia\/congregations\/ccdds\/documents\/rc_con_ccdds_doc_20040423_redemptionis-sacramentum_po.html (acessado pela \u00faltima vez em 17 de setembro de 2016).<br \/>Seria oportuno tamb\u00e9m que o Ministro Extraordin\u00e1rio sempre consulte a \u201cInstru\u00e7\u00e3o Geral do Missal Romano\u201d, que disciplina a celebra\u00e7\u00e3o da Santa Missa. http:\/\/www.clerus.org\/clerus\/dati\/2007-11\/23-13\/01MISSALROMANO.html (acessado pela \u00faltima vez em 17 de setembro de 2016).<br \/>Os Ministros Extraordin\u00e1rios da Comunh\u00e3o devem cuidar da sua vida espiritual e empenhar-se na sua forma\u00e7\u00e3o crist\u00e3, participando em exerc\u00edcios espirituais e em atividades de reflex\u00e3o teol\u00f3gica. Eles devem ser testemunhas cred\u00edveis do Evangelho por uma vida autenticamente santa, como excelentes leigos inseridos no mundo, dando testemunho vivo do Cristo Eucar\u00edstico. Cristo est\u00e1 presente na Eucaristia sob as esp\u00e9cies de p\u00e3o e de vinho. Ora, p\u00e3o e vinho s\u00e3o alimentos. Logo, o sentido da presen\u00e7a de Cristo na Eucaristia \u00e9 que n\u00f3s nos alimentemos dele.<br \/>Desejo vivamente que os novos Ministros Extraordin\u00e1rios vivam este minist\u00e9rio sagrado com dignidade, lembrando que devem ser homens e mulheres imbu\u00eddos de uma vida crist\u00e3 aut\u00eantica, sejam maduros na f\u00e9, e possam servir a Igreja. O Ministro Extraordin\u00e1rio da Comunh\u00e3o Eucar\u00edstica deve ensinar e viver o que a Igreja ensina, especialmente em rela\u00e7\u00e3o \u00e0 Eucaristia. <br \/>Que a sua vida seja constantemente voltada para o di\u00e1logo e a promo\u00e7\u00e3o da comunh\u00e3o de todos com Cristo. Recebam minha b\u00ean\u00e7\u00e3o e levem meu afetuoso abra\u00e7o de miseric\u00f3rdia a todos os que cruzarem o caminho de seu minist\u00e9rio, que desejo seja de compaix\u00e3o e de conc\u00f3rdia.<\/p>\n","protected":false},"excerpt":{"rendered":"<p>Como j\u00e1 \u00e9 tradicional em nossa amada Arquidiocese, anualmente tenho a gra\u00e7a de investir no exerc\u00edcio do Minist\u00e9rio Extraordin\u00e1rio da Comunh\u00e3o Eucar\u00edstica os candidatos preparados pelos vicariatos para exercerem o of\u00edcio de primeiro auxiliar dos Ministros Ordin\u00e1rios da Comunh\u00e3o, que s\u00e3o todos os presb\u00edteros em suas sedes paroquiais, capelanias e comunidades eclesiais. Foi o que [&hellip;]<\/p>\n","protected":false},"author":5,"featured_media":0,"comment_status":"open","ping_status":"open","sticky":false,"template":"","format":"standard","meta":{"footnotes":""},"categories":[9],"tags":[],"class_list":["post-18016","post","type-post","status-publish","format-standard","hentry","category-artigos"],"_links":{"self":[{"href":"https:\/\/catolicanet.net\/wp-cnet\/wp-json\/wp\/v2\/posts\/18016","targetHints":{"allow":["GET"]}}],"collection":[{"href":"https:\/\/catolicanet.net\/wp-cnet\/wp-json\/wp\/v2\/posts"}],"about":[{"href":"https:\/\/catolicanet.net\/wp-cnet\/wp-json\/wp\/v2\/types\/post"}],"author":[{"embeddable":true,"href":"https:\/\/catolicanet.net\/wp-cnet\/wp-json\/wp\/v2\/users\/5"}],"replies":[{"embeddable":true,"href":"https:\/\/catolicanet.net\/wp-cnet\/wp-json\/wp\/v2\/comments?post=18016"}],"version-history":[{"count":1,"href":"https:\/\/catolicanet.net\/wp-cnet\/wp-json\/wp\/v2\/posts\/18016\/revisions"}],"predecessor-version":[{"id":21310,"href":"https:\/\/catolicanet.net\/wp-cnet\/wp-json\/wp\/v2\/posts\/18016\/revisions\/21310"}],"wp:attachment":[{"href":"https:\/\/catolicanet.net\/wp-cnet\/wp-json\/wp\/v2\/media?parent=18016"}],"wp:term":[{"taxonomy":"category","embeddable":true,"href":"https:\/\/catolicanet.net\/wp-cnet\/wp-json\/wp\/v2\/categories?post=18016"},{"taxonomy":"post_tag","embeddable":true,"href":"https:\/\/catolicanet.net\/wp-cnet\/wp-json\/wp\/v2\/tags?post=18016"}],"curies":[{"name":"wp","href":"https:\/\/api.w.org\/{rel}","templated":true}]}}