{"id":18015,"date":"2016-09-19T11:59:50","date_gmt":"2016-09-19T14:59:50","guid":{"rendered":"http:\/\/catolicanet.net\/wp-cnet\/2016\/09\/19\/eleicoes-para-prefeito\/"},"modified":"2017-05-05T16:36:09","modified_gmt":"2017-05-05T19:36:09","slug":"eleicoes-para-prefeito","status":"publish","type":"post","link":"https:\/\/catolicanet.net\/wp-cnet\/eleicoes-para-prefeito\/","title":{"rendered":"Elei\u00e7\u00f5es para Prefeito"},"content":{"rendered":"<p style=\"text-align: justify;\">Nestes dias, temos nos dedicado a reflex\u00f5es de temas que s\u00e3o t\u00e3o caros ao nosso povo, qual seja, o tema das elei\u00e7\u00f5es municipais. Este tema desperta as mais diversas paix\u00f5es por partes de todos, ainda mais que no pr\u00f3ximo pleito travaremos embate nas urnas em \u00e2mbito municipal, isto \u00e9, s\u00e3o pessoas bem pr\u00f3ximas \u00e0 nossa realidade. S\u00e3o nossos parentes, amigos, vizinhos, companheiros de trabalho que est\u00e3o disputando uma vaga.<br \/> Por isto, sempre \u00e9 bom lembrar que, antes de tudo, nossas reflex\u00f5es s\u00e3o apartid\u00e1rias e ao mesmo tempo valem para todos, pois s\u00e3o feitas \u00e0 luz do Evangelho; da Igreja (por seu magist\u00e9rio e documentos); da Tradi\u00e7\u00e3o, procurando trazer um alento a todos os cidad\u00e3os, aos crentes e n\u00e3o-crentes.<br \/> Em 2007, participei do encontro em Aparecida da Confer\u00eancia Geral do Episcopado Latino-americano e do Caribe, que eu tive a alegria de ser escolhido pelo episcopado brasileiro Delegado junto com o ent\u00e3o Cardeal Jorge Mario Bergoglio. A partir desta assembleia dos bispos latino-americanos, foi produzido o chamado &#8220;Documento de Aparecida&#8221;, que foi aprovado pelo ent\u00e3o Sumo Pont\u00edfice, o Papa Bento XVI. Um dos principais colaboradores da reda\u00e7\u00e3o final do documento foi o ent\u00e3o\u00a0 Cardeal argentino M\u00e1rio Jorge Bergoglio, hoje o Santo Padre Francisco. Por isto, percebemos a a\u00e7\u00e3o do Esp\u00edrito Santo que age na unidade da Igreja e na atualidade do texto.<br \/> No t\u00f3pico 11 do documento final, os bispos presentes assim fazem suas considera\u00e7\u00f5es sobre a Igreja na Am\u00e9rica Latina e Caribe: &#8220;A Igreja \u00e9 chamada a repensar profundamente e a relan\u00e7ar com fidelidade e aud\u00e1cia sua miss\u00e3o nas novas circunst\u00e2ncias latino-americanas e mundiais. Ela n\u00e3o pode fechar-se \u00e0queles que trazem confus\u00e3o, perigos e amea\u00e7as ou \u00e0queles que pretendem cobrir a variedade e complexidade das situa\u00e7\u00f5es com uma capa de ideologias gastas ou de agress\u00f5es irrespons\u00e1veis. Trata-se de confirmar, renovar e revitalizar a novidade do Evangelho arraigada em nossa hist\u00f3ria, a partir de um encontro pessoal e comunit\u00e1rio com Jesus Cristo, que desperte disc\u00edpulos e mission\u00e1rios. Isso n\u00e3o depende de grandes programas e estruturas, mas de homens e mulheres novos que encarnem essa tradi\u00e7\u00e3o e novidade como disc\u00edpulos de Jesus Cristo e mission\u00e1rios de Seu reino, protagonistas de uma vida nova para uma Am\u00e9rica Latina que deseja se reconhecer com a luz e a for\u00e7a do Esp\u00edrito&#8221;.<br \/> Ao Chefe do Executivo (em todos os \u00e2mbitos, Federal, Executivo e Municipal) cabe velar e valorar as atividades das pol\u00edticas governamentais ao gerenciar o er\u00e1rio p\u00fablico (dinheiro p\u00fablico), pois o que gerencia n\u00e3o \u00e9 seu e sim de todos os que habitam num determinado pa\u00eds, estado ou munic\u00edpio. \u00c9 grande a responsabilidade do Chefe do Executivo, pois \u00e9 ele quem \u00e9 o &#8220;dono da chave do cofre&#8221;, afinal, \u00e9 o respons\u00e1vel pelo recolhimento de todos os tributos, os quais dever\u00e3o ser gastos com o povo, nas mais diversas atividades.<br \/> Chegando mais pr\u00f3ximo de n\u00f3s, nos munic\u00edpios, temos de verificar qual \u00e9 a atividade que o Prefeito deve exercer. Das diversas formas de organiza\u00e7\u00e3o no mundo, o Brasil \u00e9 o \u00fanico lugar no qual o Munic\u00edpio ganha status de ente federativo. Haja vista que nos demais s\u00f3 s\u00e3o entes federados os Estados-Membros e a Uni\u00e3o. Com isto, percebe-se claramente que entre n\u00f3s os Prefeitos possuem grande privil\u00e9gio e autonomia para poderem agir ao possuir capacidade de autogoverno, capacidade de autoadministra\u00e7\u00e3o, capacidade de autolegisla\u00e7\u00e3o e capacidade de auto-organiza\u00e7\u00e3o.<br \/> Passadas as elei\u00e7\u00f5es, embora o prefeito seja eleito por uma parcela, deve ele governar para toda a cidade, isto porque vai gerenciar recursos que s\u00e3o pr\u00f3prios de todos e n\u00e3o s\u00f3 dos seus correligion\u00e1rios.\u00a0 Neste momento que deve se perceber a capacidade de agrega\u00e7\u00e3o e pacifica\u00e7\u00e3o por parte do Chefe do Executivo Municipal, de trabalhar acimas de disputas eleitorais, dos interesses dos grupos que o elegeram e agir em prol do bem comum, de todos, at\u00e9 daqueles que n\u00e3o o elegeram. Essa capacidade \u00e9 a primeira qualidade que devemos ter diante da escolha de um candidato para prefeito.<br \/> Ademais, a partir do momento em que o Munic\u00edpio \u00e9 elevado a ente federativo ele possui capacidade de arrecadar tributos pr\u00f3prios, porque s\u00f3 quem tem dinheiro pr\u00f3prio pode possuir autonomia. Devido a isso, nas atribui\u00e7\u00f5es que s\u00e3o do Munic\u00edpio, \u00e9 o prefeito quem escolhe as prioridades nas quais os valores ser\u00e3o gastos. Ele deve gerenciar o dinheiro com zelo e moral, pois n\u00e3o s\u00e3o bens dele e sim s\u00e3o bens que s\u00e3o colocados \u00e0 sua disposi\u00e7\u00e3o para organizar a comunidade local.<br \/> A capacidade do Prefeito de olhar para todos reveste-se da capacidade de andar em compasso com as tradi\u00e7\u00f5es da regi\u00e3o e do munic\u00edpio. Apesar de vivermos numa sociedade que \u00e9 marcadamente caracterizada pela diversidade de h\u00e1bitos e costumes, principalmente aqueles trazidos pelos meios de comunica\u00e7\u00e3o, temos tradi\u00e7\u00f5es culturais, sociais, pol\u00edticas e, sobretudo, religiosas que devem ser cuidadosamente respeitadas e incentivadas, j\u00e1 que fazem parte do tesouro hist\u00f3rico. Ser capaz de gerenciar estes paradoxos, tradi\u00e7\u00e3o e modernidade, ideologias diferentes, mesmo que diversas vezes contr\u00e1rias ao que pensa, mostra uma maturidade por parte do administrador e capacidade de pensar no todo em detrimento de uma pequena parcela.<br \/>Em conson\u00e2ncia com meus irm\u00e3os no episcopado, animo a todos que n\u00e3o troquem seus votos, em circunst\u00e2ncia alguma, por dinheiro ou bem algum. E que caso saibam de fatos como estes que levem ao conhecimento do Minist\u00e9rio P\u00fablico. As orienta\u00e7\u00f5es distribu\u00eddas e publicadas em nosso Estado, aprovadas pelos Bispos do nosso regional, orientam bem as pr\u00f3ximas elei\u00e7\u00f5es.<br \/> Finalizando, irm\u00e3s e irm\u00e3os, recomendo a todos que neste per\u00edodo procurem saber quem s\u00e3o os candidatos a prefeitos, sua vida pregressa, quais s\u00e3o os pensamentos que influenciam sua forma de pensar e todos os pormenores que s\u00e3o importantes para algu\u00e9m que pretende administrar o bem p\u00fablico. A omiss\u00e3o \u00e9 uma op\u00e7\u00e3o horr\u00edvel, pois far\u00e1 com que pessoas inaptas venham a assumir cargos t\u00e3o importantes como o de Prefeito. O bem \u00e9 nosso, de todos, por isto fiquemos atentos e vigilantes com candidatos que sejam realmente comprometidos com a coisa p\u00fablica e com as pessoas, e que n\u00e3o sejam representantes de quaisquer grupos de interesses. O Prefeito cuida de gente, do povo da cidade. O Prefeito representa a \u201cpolis\u201d, a \u201cCidade\u201d e a sua primeira qualidade deve ser a agrega\u00e7\u00e3o de culturas distintas, sendo um art\u00edfice da pol\u00edtica do encontro. Se o candidato promove unidade e encontro, ele ter\u00e1 capacidade e capilaridade para representar a \u201cpolis\u201d e n\u00e3o seus correligion\u00e1rios apenas.<\/p>\n","protected":false},"excerpt":{"rendered":"<p>Nestes dias, temos nos dedicado a reflex\u00f5es de temas que s\u00e3o t\u00e3o caros ao nosso povo, qual seja, o tema das elei\u00e7\u00f5es municipais. Este tema desperta as mais diversas paix\u00f5es por partes de todos, ainda mais que no pr\u00f3ximo pleito travaremos embate nas urnas em \u00e2mbito municipal, isto \u00e9, s\u00e3o pessoas bem pr\u00f3ximas \u00e0 nossa [&hellip;]<\/p>\n","protected":false},"author":5,"featured_media":0,"comment_status":"open","ping_status":"open","sticky":false,"template":"","format":"standard","meta":{"footnotes":""},"categories":[9],"tags":[],"class_list":["post-18015","post","type-post","status-publish","format-standard","hentry","category-artigos"],"_links":{"self":[{"href":"https:\/\/catolicanet.net\/wp-cnet\/wp-json\/wp\/v2\/posts\/18015","targetHints":{"allow":["GET"]}}],"collection":[{"href":"https:\/\/catolicanet.net\/wp-cnet\/wp-json\/wp\/v2\/posts"}],"about":[{"href":"https:\/\/catolicanet.net\/wp-cnet\/wp-json\/wp\/v2\/types\/post"}],"author":[{"embeddable":true,"href":"https:\/\/catolicanet.net\/wp-cnet\/wp-json\/wp\/v2\/users\/5"}],"replies":[{"embeddable":true,"href":"https:\/\/catolicanet.net\/wp-cnet\/wp-json\/wp\/v2\/comments?post=18015"}],"version-history":[{"count":1,"href":"https:\/\/catolicanet.net\/wp-cnet\/wp-json\/wp\/v2\/posts\/18015\/revisions"}],"predecessor-version":[{"id":21311,"href":"https:\/\/catolicanet.net\/wp-cnet\/wp-json\/wp\/v2\/posts\/18015\/revisions\/21311"}],"wp:attachment":[{"href":"https:\/\/catolicanet.net\/wp-cnet\/wp-json\/wp\/v2\/media?parent=18015"}],"wp:term":[{"taxonomy":"category","embeddable":true,"href":"https:\/\/catolicanet.net\/wp-cnet\/wp-json\/wp\/v2\/categories?post=18015"},{"taxonomy":"post_tag","embeddable":true,"href":"https:\/\/catolicanet.net\/wp-cnet\/wp-json\/wp\/v2\/tags?post=18015"}],"curies":[{"name":"wp","href":"https:\/\/api.w.org\/{rel}","templated":true}]}}