{"id":18003,"date":"2016-09-16T16:19:10","date_gmt":"2016-09-16T19:19:10","guid":{"rendered":"http:\/\/catolicanet.net\/wp-cnet\/2016\/09\/16\/lsexta-feira-da-misericordiar-papa-visitou-bebes-internados-em-servico-de-neonatologia\/"},"modified":"2017-05-29T15:43:07","modified_gmt":"2017-05-29T18:43:07","slug":"lsexta-feira-da-misericordiar-papa-visitou-bebes-internados-em-servico-de-neonatologia","status":"publish","type":"post","link":"https:\/\/catolicanet.net\/wp-cnet\/lsexta-feira-da-misericordiar-papa-visitou-bebes-internados-em-servico-de-neonatologia\/","title":{"rendered":"\u00abSexta-feira da miseric\u00f3rdia\u00bb: Papa visitou beb\u00e9s internados em servi\u00e7o de neonatologia"},"content":{"rendered":"<p style=\"text-align: justify;\"><img decoding=\"async\" src=\"http:\/\/www.catolicanet.com.br\/images\/stories\/papas\/14333770.jpg\" border=\"0\" align=\"left\" \/>Francisco esteve tamb\u00e9m com doentes em fase terminal<\/p>\n<p>Cidade do Vaticano, 16 set 2016 (Ecclesia) &#8211; O Papa fez hoje uma visita surpresa ao servi\u00e7o de neonatologia do Hospital San Giovanni de Roma, no \u00e2mbito das chamadas \u201csextas-feiras da miseric\u00f3rdia\u201d, no ano santo extraordin\u00e1rio, anunciou o Vaticano.<\/p>\n<p>\u201cO Santo Padre parou junto a cada uma das incubadoras e cumprimentou os pais presentes, dando-lhes conforto e coragem\u201d, assinala o comunicado oficial.<\/p>\n<p>Francisco esteva nas urg\u00eancias da unidade hospitalar antes de visitas cerca de 12 beb\u00e9s com \u201cv\u00e1rias patologias neonatais\u201d, informa a sala de imprensa da Santa S\u00e9.<\/p>\n<p>\u201cCinco crian\u00e7as, incluindo dois g\u00e9meos, est\u00e3o em situa\u00e7\u00f5es muito graves, entubados nos cuidados intensivos\u201d, acrescenta a nota aos jornalistas.<\/p>\n<p>No piso superior h\u00e1 outro espa\u00e7o para o internamento de crian\u00e7as, que o Papa cumprimentou.<\/p>\n<p>O site do Jubileu da Miseric\u00f3rdia refere que Francisco foi recebido \u201ccom espanto\u201d pelos profissionais da unidade hospitalar.<\/p>\n<p>O Papa visitou depois, tamb\u00e9m de surpresa, a \u2018Villa Speranza\u2019, unidade que acolhe 30 doentes terminais, gerida pela Universidade Cat\u00f3lica \u2018Sacro Cuore\u2019.<\/p>\n<p>Francisco \u201cquis cumprimentar cada paciente no seu quarto\u201d, adianta o site do Jubileu da Miseric\u00f3rdia, sublinhando a \u201cfort\u00edssima surpresa\u201d dos doentes e seus familiares, que viveram este momento com \u201cintensa emo\u00e7\u00e3o, entre l\u00e1grimas e sorrisos\u201d.<\/p>\n<p>Segundo o Vaticano, estas visitas quiseram sublinhar \u201ca import\u00e2ncia da vida desde o seu primeiro instante at\u00e9 ao seu fim natural\u201d.<\/p>\n<p>Desde janeiro deste ano, Francisco tem realizado mensalmente uma visita surpresa como gesto de miseric\u00f3rdia, no ano santo extraordin\u00e1rio, e j\u00e1 visitou um centro para idosos e doentes em estado vegetativo; uma comunidade de toxicodependentes; um centro de acolhimento para refugiados, na Quinta-feira Santa; refugiados na ilha grega de Lesbos; pessoas com defici\u00eancias mentais graves, padres idosos e em sofrimento em duas comunidades em Roma.<\/p>\n<p>Em julho, durante a visita pastoral \u00e0 Pol\u00f3nia, o Papa fez uma ora\u00e7\u00e3o silenciosa nos campos de concentra\u00e7\u00e3o nazis de Auschwitz-Birkenau e esteve com crian\u00e7as no hospital pedi\u00e1trico de Crac\u00f3via.<\/p>\n<p>J\u00e1 em agosto, Francisco visitou a Comunidade Papa Jo\u00e3o XXIII, onde conversou com 20 mulheres de v\u00e1rias nacionalidades que foram \u201clibertadas de redes de prostitui\u00e7\u00e3o\u201d, explicou a Santa S\u00e9.<\/p>\n<p>O Ano Santo da Miseric\u00f3rdia, convocado pelo Papa, est\u00e1 a ser vivido em toda a Igreja Cat\u00f3lica e vai encerrar-se a 20 de novembro, no Vaticano.<\/p>\n<p style=\"text-align: justify;\">\u00a0<\/p>\n<p style=\"text-align: justify;\">Fonte: Ag\u00eancia Ecclesia<\/p>\n","protected":false},"excerpt":{"rendered":"<p>Francisco esteve tamb\u00e9m com doentes em fase terminal Cidade do Vaticano, 16 set 2016 (Ecclesia) &#8211; O Papa fez hoje uma visita surpresa ao servi\u00e7o de neonatologia do Hospital San Giovanni de Roma, no \u00e2mbito das chamadas \u201csextas-feiras da miseric\u00f3rdia\u201d, no ano santo extraordin\u00e1rio, anunciou o Vaticano. \u201cO Santo Padre parou junto a cada uma [&hellip;]<\/p>\n","protected":false},"author":1,"featured_media":18002,"comment_status":"open","ping_status":"open","sticky":false,"template":"","format":"standard","meta":{"footnotes":""},"categories":[3],"tags":[],"class_list":["post-18003","post","type-post","status-publish","format-standard","has-post-thumbnail","hentry","category-vaticano"],"_links":{"self":[{"href":"https:\/\/catolicanet.net\/wp-cnet\/wp-json\/wp\/v2\/posts\/18003","targetHints":{"allow":["GET"]}}],"collection":[{"href":"https:\/\/catolicanet.net\/wp-cnet\/wp-json\/wp\/v2\/posts"}],"about":[{"href":"https:\/\/catolicanet.net\/wp-cnet\/wp-json\/wp\/v2\/types\/post"}],"author":[{"embeddable":true,"href":"https:\/\/catolicanet.net\/wp-cnet\/wp-json\/wp\/v2\/users\/1"}],"replies":[{"embeddable":true,"href":"https:\/\/catolicanet.net\/wp-cnet\/wp-json\/wp\/v2\/comments?post=18003"}],"version-history":[{"count":1,"href":"https:\/\/catolicanet.net\/wp-cnet\/wp-json\/wp\/v2\/posts\/18003\/revisions"}],"predecessor-version":[{"id":24195,"href":"https:\/\/catolicanet.net\/wp-cnet\/wp-json\/wp\/v2\/posts\/18003\/revisions\/24195"}],"wp:featuredmedia":[{"embeddable":true,"href":"https:\/\/catolicanet.net\/wp-cnet\/wp-json\/wp\/v2\/media\/18002"}],"wp:attachment":[{"href":"https:\/\/catolicanet.net\/wp-cnet\/wp-json\/wp\/v2\/media?parent=18003"}],"wp:term":[{"taxonomy":"category","embeddable":true,"href":"https:\/\/catolicanet.net\/wp-cnet\/wp-json\/wp\/v2\/categories?post=18003"},{"taxonomy":"post_tag","embeddable":true,"href":"https:\/\/catolicanet.net\/wp-cnet\/wp-json\/wp\/v2\/tags?post=18003"}],"curies":[{"name":"wp","href":"https:\/\/api.w.org\/{rel}","templated":true}]}}