{"id":18001,"date":"2016-09-16T14:45:51","date_gmt":"2016-09-16T17:45:51","guid":{"rendered":"http:\/\/catolicanet.net\/wp-cnet\/2016\/09\/16\/pascom-do-regional-ne-5-realiza-formacao-e-elege-nova-coordenacao\/"},"modified":"2017-05-26T14:34:48","modified_gmt":"2017-05-26T17:34:48","slug":"pascom-do-regional-ne-5-realiza-formacao-e-elege-nova-coordenacao","status":"publish","type":"post","link":"https:\/\/catolicanet.net\/wp-cnet\/pascom-do-regional-ne-5-realiza-formacao-e-elege-nova-coordenacao\/","title":{"rendered":"Pascom do regional NE 5 realiza forma\u00e7\u00e3o e elege nova coordena\u00e7\u00e3o"},"content":{"rendered":"<p style=\"text-align: justify;\"><img decoding=\"async\" src=\"http:\/\/www.catolicanet.com.br\/images\/stories\/noticias\/pascomne5-02.jpg\" border=\"0\" align=\"left\" \/>Tem\u00e1tica do encontro foi \u201cComunica\u00e7\u00e3o e o cuidado com a casa comum\u201d<\/p>\n<p>A Pastoral da Comunica\u00e7\u00e3o do regional Nordeste 5 (NE 5) da Confer\u00eancia Nacional dos Bispos do Brasil (CNBB) reuniu agentes de 10 das 12 dioceses do Maranh\u00e3o, entre os dias 9 e 11 de setembro, para o encontro regional de forma\u00e7\u00e3o. Realizado em S\u00e3o Lu\u00eds (MA), teve como tema \u201cComunica\u00e7\u00e3o e o cuidado com a casa comum\u201d. Na ocasi\u00e3o, houve escolha do novo coordenador.<\/p>\n<p>A tem\u00e1tica escolhida para o encontro de forma\u00e7\u00e3o da Pascom do regional Nordeste 5 prop\u00f4s reflex\u00e3o a respeito de estrat\u00e9gias para atua\u00e7\u00e3o dos comunicadores na prote\u00e7\u00e3o \u00e0 natureza. Para o arcebispo de S\u00e3o Lu\u00eds e referencial da Pastoral no regional, dom Jos\u00e9 Belis\u00e1rio da Silva, que esteve presente na forma\u00e7\u00e3o, o assunto abordado \u00e9 de interesse geral, \u201cporque todos n\u00f3s moramos nessa casa comum\u201d.<\/p>\n<p>Ainda durante o encontro, os jornalistas R\u00f4mulo Gomes e Deborah Ferreira fizeram uma exposi\u00e7\u00e3o sobre a \u00e9tica nas comunica\u00e7\u00f5es.<br \/>Nova coordena\u00e7\u00e3o<\/p>\n<p>Terminados o ciclo de cinco anos da atual coordena\u00e7\u00e3o, os agentes da Pascom escolheram um novo coordenador. Padre Edinaldo Pereira, da diocese de Imperatriz (MA), suceder\u00e1 a Eanes Silva, da diocese de Balsas (MA).<\/p>\n<p>De acordo com dom Belis\u00e1rio, nos \u00faltimos anos houve um \u201cprogresso real\u201d na Pastoral da Comunica\u00e7\u00e3o no regional. O arcebispo diz n\u00e3o ter d\u00favidas de que a Pascom tem progredido, se aprofundado e compreendido melhor a sua import\u00e2ncia.<\/p>\n<p>O novo coordenador da Pascom no Maranh\u00e3o, padre Edinaldo Pereira, ressaltou que precisa do apoio dos agentes para dar continuidade aos trabalhos realizados. Eanes Silva, que deixou a coordena\u00e7\u00e3o, avaliou de forma positiva a atua\u00e7\u00e3o nos \u00faltimos cinco anos, quando houve motiva\u00e7\u00e3o e articula\u00e7\u00e3o da Pastoral nas dioceses visando formar agentes de pastoral para trabalhar com a comunica\u00e7\u00e3o na Igreja.<br \/>Com informa\u00e7\u00f5es e foto da Pascom do regional Nordeste 5 da CNBB<\/p>\n<p style=\"text-align: justify;\">\u00a0<\/p>\n<p style=\"text-align: justify;\">Fonte: CNBB<\/p>\n","protected":false},"excerpt":{"rendered":"<p>Tem\u00e1tica do encontro foi \u201cComunica\u00e7\u00e3o e o cuidado com a casa comum\u201d A Pastoral da Comunica\u00e7\u00e3o do regional Nordeste 5 (NE 5) da Confer\u00eancia Nacional dos Bispos do Brasil (CNBB) reuniu agentes de 10 das 12 dioceses do Maranh\u00e3o, entre os dias 9 e 11 de setembro, para o encontro regional de forma\u00e7\u00e3o. Realizado em [&hellip;]<\/p>\n","protected":false},"author":1,"featured_media":18000,"comment_status":"open","ping_status":"open","sticky":false,"template":"","format":"standard","meta":{"footnotes":""},"categories":[7],"tags":[],"class_list":["post-18001","post","type-post","status-publish","format-standard","has-post-thumbnail","hentry","category-cnbb"],"_links":{"self":[{"href":"https:\/\/catolicanet.net\/wp-cnet\/wp-json\/wp\/v2\/posts\/18001","targetHints":{"allow":["GET"]}}],"collection":[{"href":"https:\/\/catolicanet.net\/wp-cnet\/wp-json\/wp\/v2\/posts"}],"about":[{"href":"https:\/\/catolicanet.net\/wp-cnet\/wp-json\/wp\/v2\/types\/post"}],"author":[{"embeddable":true,"href":"https:\/\/catolicanet.net\/wp-cnet\/wp-json\/wp\/v2\/users\/1"}],"replies":[{"embeddable":true,"href":"https:\/\/catolicanet.net\/wp-cnet\/wp-json\/wp\/v2\/comments?post=18001"}],"version-history":[{"count":1,"href":"https:\/\/catolicanet.net\/wp-cnet\/wp-json\/wp\/v2\/posts\/18001\/revisions"}],"predecessor-version":[{"id":23438,"href":"https:\/\/catolicanet.net\/wp-cnet\/wp-json\/wp\/v2\/posts\/18001\/revisions\/23438"}],"wp:featuredmedia":[{"embeddable":true,"href":"https:\/\/catolicanet.net\/wp-cnet\/wp-json\/wp\/v2\/media\/18000"}],"wp:attachment":[{"href":"https:\/\/catolicanet.net\/wp-cnet\/wp-json\/wp\/v2\/media?parent=18001"}],"wp:term":[{"taxonomy":"category","embeddable":true,"href":"https:\/\/catolicanet.net\/wp-cnet\/wp-json\/wp\/v2\/categories?post=18001"},{"taxonomy":"post_tag","embeddable":true,"href":"https:\/\/catolicanet.net\/wp-cnet\/wp-json\/wp\/v2\/tags?post=18001"}],"curies":[{"name":"wp","href":"https:\/\/api.w.org\/{rel}","templated":true}]}}