{"id":17999,"date":"2016-09-16T03:00:00","date_gmt":"2016-09-16T06:00:00","guid":{"rendered":"http:\/\/catolicanet.net\/wp-cnet\/2016\/09\/16\/esperanca-em-deus-e-na-vida-eterna-artistas-se-despedem-de-domingos-montagner\/"},"modified":"2017-05-29T15:43:26","modified_gmt":"2017-05-29T18:43:26","slug":"esperanca-em-deus-e-na-vida-eterna-artistas-se-despedem-de-domingos-montagner","status":"publish","type":"post","link":"https:\/\/catolicanet.net\/wp-cnet\/esperanca-em-deus-e-na-vida-eterna-artistas-se-despedem-de-domingos-montagner\/","title":{"rendered":"Esperan\u00e7a em Deus e na vida eterna: artistas se despedem de Domingos Montagner"},"content":{"rendered":"<p style=\"text-align: justify;\"><img decoding=\"async\" src=\"http:\/\/www.catolicanet.com.br\/images\/stories\/noticias\/domingos-.png\" border=\"0\" align=\"left\" \/>\u00c9 significativa a quantidade de artistas que, ao homenagearem o colega, transparecem f\u00e9 e anseio por sentido para a vida e a morte<\/p>\n<p>O triste e repentino falecimento do ator brasileiro Domingos Montagner, na tarde de hoje, comoveu o pa\u00eds e despertou uma onda de homenagens e manifesta\u00e7\u00f5es de p\u00easames no mundo do entretenimento. Domingos tinha 54 anos e, puxado pela correnteza, se afogou no Rio S\u00e3o Francisco, cen\u00e1rio de grava\u00e7\u00f5es da telenovela da Rede Globo na qual atuava como protagonista.<\/p>\n<p>\u00c9 significativa a quantidade de artistas que, ao manifestarem a sua tristeza pela perda de Domingos, transparecem, al\u00e9m do testemunho de admira\u00e7\u00e3o pelo ator e pelo homem, tamb\u00e9m a sua esperan\u00e7a em Deus e na vida eterna da alma humana.<\/p>\n<p>Eis algumas dessas comoventes manifesta\u00e7\u00f5es:<\/p>\n<p>Rodrigo Andrade, ator: \u201cTriste\u2026 Vai com Deus irm\u00e3o.\u201d<\/p>\n<p>David Brazil, apresentador: \u201cQue descanse em paz e DEUS conforte a fam\u00edlia.\u201d<\/p>\n<p>Luiza Brunet, modelo: \u201cPerdemos um homem extraordin\u00e1rio um pai marido filho. Deus embale voc\u00ea.\u201d<\/p>\n<p>Leandro Hassum, ator: \u201cQue Deus d\u00ea muita for\u00e7a \u00e0 fam\u00edlia do querido amigo.\u201d<\/p>\n<p>Vanessa da Mata, cantora: \u201cSinto muit\u00edssimo! S\u00f3 falanges divinas de amor para consol\u00e1-lo depois de tamanha ang\u00fastia desse fim\u201d<\/p>\n<p>Thiago Rodrigues, ator: \u201cInacredit\u00e1vel!!! Um cara sensacional! Um colega espetacular, um ator fant\u00e1stico! Isso n\u00e3o existe! S\u00f3 Deus! N\u00e3o consigo acreditar! Vamos orar!\u201d<\/p>\n<p>Xuxa, apresentadora: \u201cN\u00e3o quero acreditar\u2026 Que Deus d\u00ea for\u00e7a a toda fam\u00edlia.\u201d<\/p>\n<p>Rainer Cadete, ator: \u201cSobre a fragilidade da nossa exist\u00eancia. Que Deus conforte sua fam\u00edlia e sua alma esteja em paz! Dia triste.\u201d<\/p>\n<p>Carol Macedo, atriz: \u201cQue trag\u00e9dia, que tristeza meu Deus. Esteja em paz Domingos.\u201d<\/p>\n<p>Camila Queiroz, atriz: \u201cQue Deus acalme o cora\u00e7\u00e3o da fam\u00edlia do Domingos e que encontrem ele o mais r\u00e1pido poss\u00edvel!.\u201d<\/p>\n<p>Anna Lima, atriz: \u201cQue tristeza! Meu Deus\u2026 Conforte o cora\u00e7\u00e3o dos filhos, da mulher e familiares\u2026 Meus sinceros sentimentos.\u201d<\/p>\n<p>Deborah Secco, atriz: \u201cSem palavras pra traduzir a dor\u2026 Tanta admira\u00e7\u00e3o por voc\u00ea. Vou guard\u00e1-la comigo pra sempre\u2026 Que Deus te receba cheio de amor!\u201d<\/p>\n<p>Franciely Freduzeski, atriz: \u201cQue triste. Tudo \u00e9 ef\u00eamero, nada se sabe. Um dia aqui, o outro ningu\u00e9m sabe. Deus conforte a fam\u00edlia, principalmente as crian\u00e7as que ainda s\u00e3o pequenas.\u201d<\/p>\n<p>Eri Johnson, ator: \u201cQue Deus possa confortar os milhares de f\u00e3s, amigos e familiares. Muito triste, muito.\u201d<\/p>\n<p>L\u00edcia Manzo, autora da telenovela \u201cSete Vidas\u201c, protagonizada por Domingos: \u201cEu t\u00f4 muito sem palavras, mas eu devo isso a ele. Uma pessoa muito querida, um ator extraordin\u00e1rio. \u00c9 uma ironia que nesse momento que o Brasil precisa tanto de integridade e lisura a gente perca uma pessoa como ele. A vida \u00e9 inexplic\u00e1vel . Rezo muito pela fam\u00edlia dele. Se eu que encontrei com ele estou sentindo essa dor, eu n\u00e3o consigo nem dimensionar a dor da fam\u00edlia. Meu cora\u00e7\u00e3o est\u00e1 com ele. Ele estava nos meus planos de vida, para trabalhos futuros, agora vou precisar lidar com essa falta\u201d.<\/p>\n<p>Ang\u00e9lica, apresentadora: \u201cN\u00e3o posso acreditar! Um ator, um ser humano incr\u00edvel\u2026, que Deus d\u00ea Luz e paz pra fam\u00edlia.\u201d<\/p>\n<p>Alinne Rosa, cantora: \u201cTriste, muito triste, dif\u00edcil acreditar!! Sempre t\u00e3o generoso, aprendi tanto com vc. Descanse em paz, querido Domingos! Que Deus conforte o cora\u00e7\u00e3o dos familiares e amigos.\u201d<\/p>\n<p>Fernanda Pontes, atriz: \u201cChocada!!! Que tristeza! Que Deus possa confortar a fam\u00edlia desta fatalidade.\u201d<\/p>\n<p>Erika Januza, atriz: \u201cS\u00f3 Deus sabe o porqu\u00ea das coisas\u2026 Descanse em paz grande ator!\u201d<\/p>\n<p>Julianne Trevisol, atriz: \u201cPara ti, meu irm\u00e3o que acabas de deixar a Terra! Que os Bons Esp\u00edritos do Senhor venham socorrer-te, envolvendo-te e ajudando-te a sacudir para longe as tuas cadeias terrestres! V\u00ea e compreende a grandeza de nosso Senhor; submete-te sem queixas \u00e0 sua justi\u00e7a; mas jamais te desesperes da sua miseric\u00f3rdia. Irm\u00e3o! Que um profundo exame do teu passado te abra as portas do futuro. Que os seus Bons Esp\u00edritos te amparem e encorajem! Teus irm\u00e3os da Terra orar\u00e3o por ti, e te pedem que ores por eles.\u201d<\/p>\n<p>Giovanna Lancellotti, atriz: \u201cInacredit\u00e1vel. A vida da gente \u00e9 mesmo muito fr\u00e1gil\u2026 Fica a lembran\u00e7a, a arte, o sorriso\u2026 E fica tamb\u00e9m um lembrete pra n\u00f3s,que ainda estamos nesse plano, de aproveitar CADA dia, cada minuto, cada SEGUNDO da nossa aben\u00e7oada vida. Fica o lembrete de n\u00e3o perder oportunidades de dizer \u201cEU TE AMO\u201d \u201cME PERDOE\u201d \u201cSINTO SAUDADES\u201d praqueles que nos importamos. Fica o lembrete de n\u00e3o perder nosso tempo com brigas, discuss\u00f5es, desafetos\u2026 Esse tempo \u00e9 precioso. E passa r\u00e1pido demais. Meus sentimentos com todo meu cora\u00e7\u00e3o a toda fam\u00edlia e amigos de Domingos. Todos os colegas de trabalho. Que ele seja recebido com muito amor nos bra\u00e7os de Deus.\u201d<\/p>\n<p>Tom Cavalcante, humorista: \u201cA morte covarde chega e leva Domingos de nosso conv\u00edvio. Deus toma conta de tudo porque se depender de n\u00f3s, s\u00f3 dor e lamento.\u201d<\/p>\n<p>Isis Valverde, atriz: \u201cA vida realmente \u00e9 um cristal delicado! Grande ator e at\u00e9 onde sei era tamb\u00e9m uma pessoa maravilhosa! Que Deus te receba de bra\u00e7os abertos, o c\u00e9u com certeza est\u00e1 mais brilhoso hoje! Desejo for\u00e7a e f\u00e9 para a fam\u00edlia e para os amigos.\u201d<\/p>\n<p>Carolina Kasting, atriz: \u201cEstou eu aqui \u00e0s voltas com a vida. Amamentando o meu filho que cresce a cada dia. Vejo-o se formar, crescer mat\u00e9ria e alma. De repente, porque \u00e9 sempre de repente, fico sabendo da morte, da morte de um cara admir\u00e1vel, que era tudo o que n\u00f3s, atores, artistas, quer\u00edamos ser. Penso, como sempre pensei, mas esque\u00e7o por causa das picuinhas da vida, que a vida e a morte s\u00e3o \u00fanicas, andam juntas e que temos, todos os dias, que agradecer pela caminhada. Entender que ela n\u00e3o finda na morte. Devemos fazer da vida o melhor, por causa dela, da morte. Irm\u00e3s, vida e morte, na nossa fragilidade e for\u00e7a de sermos humanos. Segue em paz, amigo. Voa com teu nariz de palha\u00e7o. Abra\u00e7a o c\u00e9u com teus bra\u00e7os de ator.\u201d<\/p>\n<p>Elba Ramalho, cantora: \u201cO Brasil perde um ator sens\u00edvel, um pai de fam\u00edlia, um homem de bem. Deus recebe no c\u00e9u um filho que se foi mais cedo! Descanse nessa paz, Domingos Montagner\u201d.<\/p>\n<p>Bruno Gagliasso, ator: \u201cQue tristeza. Meu bom amigo\u2026.. Fique com Deus!\u201d<\/p>\n<p>Daniel Rocha, ator: \u201cQue dia triste. Vamos todos orar por ele e sua fam\u00edlia. Vai com Deus.\u201d<\/p>\n<p>Luan Santana, cantor: \u201cCaramba\u2026 IMPOSS\u00cdVEL acreditar\u2026 Descanse na paz de Cristo, Domingos!\u201d<\/p>\n<p>Fernanda Paes Leme, apresentadora: \u201cTristeza sem Fim. Vizinho amado e iluminado. Descanse em Paz. Que Deus Conforte a fam\u00edlia.\u201d<\/p>\n<p>Malvino Salvador, ator: \u201cQue dia triste. Domingos, que sua alma esteja em paz e que Deus conforte sua fam\u00edlia.\u201d<\/p>\n<p>Descanse em paz, Domingos. Descanse em Deus!<\/p>\n<p style=\"text-align: justify;\">\u00a0<\/p>\n<p style=\"text-align: justify;\">Fonte: Aleteia<\/p>\n","protected":false},"excerpt":{"rendered":"<p>\u00c9 significativa a quantidade de artistas que, ao homenagearem o colega, transparecem f\u00e9 e anseio por sentido para a vida e a morte O triste e repentino falecimento do ator brasileiro Domingos Montagner, na tarde de hoje, comoveu o pa\u00eds e despertou uma onda de homenagens e manifesta\u00e7\u00f5es de p\u00easames no mundo do entretenimento. Domingos [&hellip;]<\/p>\n","protected":false},"author":1,"featured_media":17998,"comment_status":"open","ping_status":"open","sticky":false,"template":"","format":"standard","meta":{"footnotes":""},"categories":[4],"tags":[],"class_list":["post-17999","post","type-post","status-publish","format-standard","has-post-thumbnail","hentry","category-cotidiano"],"_links":{"self":[{"href":"https:\/\/catolicanet.net\/wp-cnet\/wp-json\/wp\/v2\/posts\/17999","targetHints":{"allow":["GET"]}}],"collection":[{"href":"https:\/\/catolicanet.net\/wp-cnet\/wp-json\/wp\/v2\/posts"}],"about":[{"href":"https:\/\/catolicanet.net\/wp-cnet\/wp-json\/wp\/v2\/types\/post"}],"author":[{"embeddable":true,"href":"https:\/\/catolicanet.net\/wp-cnet\/wp-json\/wp\/v2\/users\/1"}],"replies":[{"embeddable":true,"href":"https:\/\/catolicanet.net\/wp-cnet\/wp-json\/wp\/v2\/comments?post=17999"}],"version-history":[{"count":1,"href":"https:\/\/catolicanet.net\/wp-cnet\/wp-json\/wp\/v2\/posts\/17999\/revisions"}],"predecessor-version":[{"id":24196,"href":"https:\/\/catolicanet.net\/wp-cnet\/wp-json\/wp\/v2\/posts\/17999\/revisions\/24196"}],"wp:featuredmedia":[{"embeddable":true,"href":"https:\/\/catolicanet.net\/wp-cnet\/wp-json\/wp\/v2\/media\/17998"}],"wp:attachment":[{"href":"https:\/\/catolicanet.net\/wp-cnet\/wp-json\/wp\/v2\/media?parent=17999"}],"wp:term":[{"taxonomy":"category","embeddable":true,"href":"https:\/\/catolicanet.net\/wp-cnet\/wp-json\/wp\/v2\/categories?post=17999"},{"taxonomy":"post_tag","embeddable":true,"href":"https:\/\/catolicanet.net\/wp-cnet\/wp-json\/wp\/v2\/tags?post=17999"}],"curies":[{"name":"wp","href":"https:\/\/api.w.org\/{rel}","templated":true}]}}