{"id":17995,"date":"2016-09-16T14:18:50","date_gmt":"2016-09-16T17:18:50","guid":{"rendered":"http:\/\/catolicanet.net\/wp-cnet\/2016\/09\/16\/conselho-de-cardeais-do-papa-analisa-o-perfil-pastoral-e-espiritual-dos-bispos\/"},"modified":"2017-05-30T16:41:16","modified_gmt":"2017-05-30T19:41:16","slug":"conselho-de-cardeais-do-papa-analisa-o-perfil-pastoral-e-espiritual-dos-bispos","status":"publish","type":"post","link":"https:\/\/catolicanet.net\/wp-cnet\/conselho-de-cardeais-do-papa-analisa-o-perfil-pastoral-e-espiritual-dos-bispos\/","title":{"rendered":"Conselho de Cardeais do Papa analisa o perfil pastoral e espiritual dos bispos"},"content":{"rendered":"<p style=\"text-align: justify;\"><img decoding=\"async\" src=\"http:\/\/www.catolicanet.com.br\/images\/stories\/noticias\/cardenalesaciprensa.jpg\" border=\"0\" align=\"left\" \/>VATICANO, (ACI).- O Conselho de Cardeais que assessora o Papa Francisco na reforma da c\u00faria e outros assuntos \u2013 tamb\u00e9m conhecido como C9 \u2013 se reuniu novamente entre os dias 12 e 14 de setembro para refletir, entre outros assuntos, no perfil espiritual e pastoral necess\u00e1rio para um bispo.<\/p>\n<p>\u201cOs cardeais refletiram amplamente sobre a grande import\u00e2ncia do perfil espiritual e pastoral necess\u00e1rio para um bispo hoje\u201d, disse o Vaticano em um comunicado.<\/p>\n<p>Al\u00e9m disso, assinalaram que \u201cdesta vez a aten\u00e7\u00e3o foi focada especialmente na Congrega\u00e7\u00e3o para o Clero, nos Bispos, na Educa\u00e7\u00e3o Cat\u00f3lica e no Pontif\u00edcio Conselho para a Promo\u00e7\u00e3o da Unidade dos Crist\u00e3os\u201d.<\/p>\n<p>Do mesmo modo, o Cardeal Marc Ouellet, Prefeito da Congrega\u00e7\u00e3o para os Bispos, esteve presente em uma sess\u00e3o, na qual explicou o trabalho do seu departamento, assim como o trabalho da Pontif\u00edcia Comiss\u00e3o para a Am\u00e9rica Latina que tamb\u00e9m \u00e9 respons\u00e1vel.<\/p>\n<p>Tamb\u00e9m falaram a respeito do \u201cservi\u00e7o diplom\u00e1tico da Santa S\u00e9, da forma\u00e7\u00e3o e das tarefas dos n\u00fancios apost\u00f3licos, com uma aten\u00e7\u00e3o especial na grande responsabilidade da elei\u00e7\u00e3o dos candidatos ao episcopado\u201d.<\/p>\n<p>Por \u00faltimo, examinaram \u201cos \u00faltimos passos realizados no processo de reforma, especialmente com a institui\u00e7\u00e3o do novo dicast\u00e9rio para o Servi\u00e7o do Desenvolvimento Humano Integral\u201d.<\/p>\n<p>Ainda foram analisadas a Secret\u00e1ria para as Comunica\u00e7\u00f5es e as medidas empreendidas at\u00e9 agora, assim como a Secretaria para a Economia e a Pontif\u00edcia Comiss\u00e3o para a Prote\u00e7\u00e3o de menores, presidida pelo Cardeal Sean O\u2019Malley, que tamb\u00e9m \u00e9 membro do C9.<\/p>\n<p>A pr\u00f3xima reuni\u00e3o foi programada para os dias 12, 13 e 14 de dezembro deste ano.<\/p>\n<p style=\"text-align: justify;\">\u00a0<\/p>\n<p style=\"text-align: justify;\">Fonte: Acidigital<\/p>\n","protected":false},"excerpt":{"rendered":"<p>VATICANO, (ACI).- O Conselho de Cardeais que assessora o Papa Francisco na reforma da c\u00faria e outros assuntos \u2013 tamb\u00e9m conhecido como C9 \u2013 se reuniu novamente entre os dias 12 e 14 de setembro para refletir, entre outros assuntos, no perfil espiritual e pastoral necess\u00e1rio para um bispo. \u201cOs cardeais refletiram amplamente sobre a [&hellip;]<\/p>\n","protected":false},"author":1,"featured_media":17994,"comment_status":"open","ping_status":"open","sticky":false,"template":"","format":"standard","meta":{"footnotes":""},"categories":[4],"tags":[],"class_list":["post-17995","post","type-post","status-publish","format-standard","has-post-thumbnail","hentry","category-cotidiano"],"_links":{"self":[{"href":"https:\/\/catolicanet.net\/wp-cnet\/wp-json\/wp\/v2\/posts\/17995","targetHints":{"allow":["GET"]}}],"collection":[{"href":"https:\/\/catolicanet.net\/wp-cnet\/wp-json\/wp\/v2\/posts"}],"about":[{"href":"https:\/\/catolicanet.net\/wp-cnet\/wp-json\/wp\/v2\/types\/post"}],"author":[{"embeddable":true,"href":"https:\/\/catolicanet.net\/wp-cnet\/wp-json\/wp\/v2\/users\/1"}],"replies":[{"embeddable":true,"href":"https:\/\/catolicanet.net\/wp-cnet\/wp-json\/wp\/v2\/comments?post=17995"}],"version-history":[{"count":1,"href":"https:\/\/catolicanet.net\/wp-cnet\/wp-json\/wp\/v2\/posts\/17995\/revisions"}],"predecessor-version":[{"id":25226,"href":"https:\/\/catolicanet.net\/wp-cnet\/wp-json\/wp\/v2\/posts\/17995\/revisions\/25226"}],"wp:featuredmedia":[{"embeddable":true,"href":"https:\/\/catolicanet.net\/wp-cnet\/wp-json\/wp\/v2\/media\/17994"}],"wp:attachment":[{"href":"https:\/\/catolicanet.net\/wp-cnet\/wp-json\/wp\/v2\/media?parent=17995"}],"wp:term":[{"taxonomy":"category","embeddable":true,"href":"https:\/\/catolicanet.net\/wp-cnet\/wp-json\/wp\/v2\/categories?post=17995"},{"taxonomy":"post_tag","embeddable":true,"href":"https:\/\/catolicanet.net\/wp-cnet\/wp-json\/wp\/v2\/tags?post=17995"}],"curies":[{"name":"wp","href":"https:\/\/api.w.org\/{rel}","templated":true}]}}