{"id":17993,"date":"2016-09-16T14:09:39","date_gmt":"2016-09-16T17:09:39","guid":{"rendered":"http:\/\/catolicanet.net\/wp-cnet\/2016\/09\/16\/106-embaixadores-do-papa-refletem-sobre-ideologia-de-genero-e-o-isla\/"},"modified":"2017-05-30T16:41:16","modified_gmt":"2017-05-30T19:41:16","slug":"106-embaixadores-do-papa-refletem-sobre-ideologia-de-genero-e-o-isla","status":"publish","type":"post","link":"https:\/\/catolicanet.net\/wp-cnet\/106-embaixadores-do-papa-refletem-sobre-ideologia-de-genero-e-o-isla\/","title":{"rendered":"106 embaixadores do Papa refletem sobre ideologia de g\u00eanero e o isl\u00e3"},"content":{"rendered":"<p style=\"text-align: justify;\"><img decoding=\"async\" src=\"http:\/\/www.catolicanet.com.br\/images\/stories\/noticias\/obisposvatica.jpg\" border=\"0\" align=\"left\" \/>VATICANO,\u00a0 (ACI).- Entre os dias 15 e 17 de setembro, 106 dos 108 n\u00fancios apost\u00f3licos que servem no mundo inteiro, participam do Jubileu presidido pelo Papa Francisco, no qual analisar\u00e3o diversos temas como a ideologia de g\u00eanero e as rela\u00e7\u00f5es com o isl\u00e3.<\/p>\n<p>A reuni\u00e3o dos representantes pontif\u00edcios, no marco do Jubileu da Miseric\u00f3rdia, come\u00e7ou na manh\u00e3 de hoje com uma Missa na Bas\u00edlica de S\u00e3o Pedro, celebrada pelo Secret\u00e1rio de Estado do Vaticano, Cardeal Pietro Parolin.<\/p>\n<p>Hoje participaram de duas confer\u00eancias. A primeira intitulada \u201cO mundo hoje, a Igreja hoje, o Papa Francisco\u201d realizada pelo decano da Universidade de Sofia, Dom Piero Coda. A segunda \u201cG\u00eanese e o caso da cultura de g\u00eanero: como enfrent\u00e1-la\u201d, realizada pelo Pe. Robert A. Ghal, professor associado de \u00e9tica fundamental da Pontif\u00edcia Universidade de Santa Cruz, em Roma.<\/p>\n<p>O Pe. Ghal, americano, \u00e9 engenheiro qu\u00edmico e trabalhou alguns anos no Silicon Valley. Estudou filosofia na Universidade de Navarra (Espanha), fez o doutorado na Pontif\u00edcia Universidade de Santa Cruz, em Roma, e logo uma investiga\u00e7\u00e3o p\u00f3s-doutorado na Universidade de Notre Dame. Realizou diversas publica\u00e7\u00f5es sobre a teoria da lei natural, a \u00e9tica sexual e a moral.<\/p>\n<p>Hoje \u00e0 noite os n\u00fancios participam de um jantar com o Santo Padre na Casina Pio IV, nos Jardins Vaticanos.<\/p>\n<p>Na manh\u00e3 de sexta-feira, 16, os representantes se reunir\u00e3o com os Superiores da Secretaria de Estado; e \u00e0 tarde, os participantes ter\u00e3o a terceira confer\u00eancia, intitulada \u201cO di\u00e1logo inter-religioso, as rela\u00e7\u00f5es com o Isl\u00e3\u201d. Esta exposi\u00e7\u00e3o ser\u00e1 feita pelo Cardeal Jean-Louis Tauran, Presidente do Pontif\u00edcio Conselho para o Di\u00e1logo Inter-religioso.<\/p>\n<p>\u00c0 noite, os embaixadores se reunir\u00e3o com as autoridades dos diversos dicast\u00e9rios da C\u00faria do Vaticano e com os embaixadores ante a Santa S\u00e9 que vivem em Roma, acontecer\u00e1 na Pinacoteca dos Museus Vaticanos.<\/p>\n<p>No s\u00e1bado, 17, os representantes pontif\u00edcios participar\u00e3o da Missa que ser\u00e1 celebrada pelo Papa Francisco na capela de Casa Santa Marta e logo, Dom Pierangelo Sequeri, Presidente do Pontif\u00edcio Instituto Jo\u00e3o Paulo II para o estudo do Matrim\u00f4nio e da Fam\u00edlia, far\u00e1 uma reflex\u00e3o.<\/p>\n<p>Em seguida, os n\u00fancios atravessar\u00e3o a Porta Santa da Bas\u00edlica de S\u00e3o Pedro e ser\u00e3o recebidos pelo Papa Francisco na Sala Clementina do Pal\u00e1cio Apost\u00f3lico do Vaticano, logo compartilhar\u00e3o um almo\u00e7o na Casa Santa Marta.<\/p>\n<p>No marco do Jubileu da Miseric\u00f3rdia, o Papa Francisco convidou tamb\u00e9m 168 representantes pontif\u00edcios: conselheiros, secret\u00e1rios, adidos; para celebrar uma jornada jubilar no pr\u00f3ximo dia 18 de novembro.<\/p>\n<p style=\"text-align: justify;\">\u00a0<\/p>\n<p style=\"text-align: justify;\">Fonte: Acidigital<\/p>\n","protected":false},"excerpt":{"rendered":"<p>VATICANO,\u00a0 (ACI).- Entre os dias 15 e 17 de setembro, 106 dos 108 n\u00fancios apost\u00f3licos que servem no mundo inteiro, participam do Jubileu presidido pelo Papa Francisco, no qual analisar\u00e3o diversos temas como a ideologia de g\u00eanero e as rela\u00e7\u00f5es com o isl\u00e3. A reuni\u00e3o dos representantes pontif\u00edcios, no marco do Jubileu da Miseric\u00f3rdia, come\u00e7ou [&hellip;]<\/p>\n","protected":false},"author":1,"featured_media":17992,"comment_status":"open","ping_status":"open","sticky":false,"template":"","format":"standard","meta":{"footnotes":""},"categories":[4],"tags":[],"class_list":["post-17993","post","type-post","status-publish","format-standard","has-post-thumbnail","hentry","category-cotidiano"],"_links":{"self":[{"href":"https:\/\/catolicanet.net\/wp-cnet\/wp-json\/wp\/v2\/posts\/17993","targetHints":{"allow":["GET"]}}],"collection":[{"href":"https:\/\/catolicanet.net\/wp-cnet\/wp-json\/wp\/v2\/posts"}],"about":[{"href":"https:\/\/catolicanet.net\/wp-cnet\/wp-json\/wp\/v2\/types\/post"}],"author":[{"embeddable":true,"href":"https:\/\/catolicanet.net\/wp-cnet\/wp-json\/wp\/v2\/users\/1"}],"replies":[{"embeddable":true,"href":"https:\/\/catolicanet.net\/wp-cnet\/wp-json\/wp\/v2\/comments?post=17993"}],"version-history":[{"count":1,"href":"https:\/\/catolicanet.net\/wp-cnet\/wp-json\/wp\/v2\/posts\/17993\/revisions"}],"predecessor-version":[{"id":25227,"href":"https:\/\/catolicanet.net\/wp-cnet\/wp-json\/wp\/v2\/posts\/17993\/revisions\/25227"}],"wp:featuredmedia":[{"embeddable":true,"href":"https:\/\/catolicanet.net\/wp-cnet\/wp-json\/wp\/v2\/media\/17992"}],"wp:attachment":[{"href":"https:\/\/catolicanet.net\/wp-cnet\/wp-json\/wp\/v2\/media?parent=17993"}],"wp:term":[{"taxonomy":"category","embeddable":true,"href":"https:\/\/catolicanet.net\/wp-cnet\/wp-json\/wp\/v2\/categories?post=17993"},{"taxonomy":"post_tag","embeddable":true,"href":"https:\/\/catolicanet.net\/wp-cnet\/wp-json\/wp\/v2\/tags?post=17993"}],"curies":[{"name":"wp","href":"https:\/\/api.w.org\/{rel}","templated":true}]}}