{"id":17984,"date":"2016-09-16T12:31:14","date_gmt":"2016-09-16T15:31:14","guid":{"rendered":"http:\/\/catolicanet.net\/wp-cnet\/2016\/09\/16\/papa-a-qlogica-do-depois-do-amanhaq-e-a-transformacao-apos-a-morte\/"},"modified":"2017-06-02T13:16:18","modified_gmt":"2017-06-02T16:16:18","slug":"papa-a-qlogica-do-depois-do-amanhaq-e-a-transformacao-apos-a-morte","status":"publish","type":"post","link":"https:\/\/catolicanet.net\/wp-cnet\/papa-a-qlogica-do-depois-do-amanhaq-e-a-transformacao-apos-a-morte\/","title":{"rendered":"Papa: a &#8220;l\u00f3gica do depois do amanh\u00e3&#8221; e a transforma\u00e7\u00e3o ap\u00f3s a morte"},"content":{"rendered":"<p style=\"text-align: justify;\"><img decoding=\"async\" src=\"http:\/\/www.catolicanet.com.br\/images\/stories\/papas\/ossrom131075_articolo.jpg\" border=\"0\" align=\"left\" \/>R\u00e1dio Vaticano (RV) \u2013 \u201cSe Cristo n\u00e3o ressuscitou, tampouco n\u00f3s ressuscitaremos\u201d. A partir deste trecho da Primeira Carta de S\u00e3o Paulo aos Cor\u00edntios, o Papa desenvolveu sua medita\u00e7\u00e3o matutina na Casa Santa Marta, na manh\u00e3 desta sexta-feira (16\/09). Francisco ent\u00e3o enfatizou a \u201cl\u00f3gica da reden\u00e7\u00e3o at\u00e9 o final\u201d.<\/p>\n<p style=\"text-align: justify;\">\u00a0<\/p>\n<p style=\"text-align: justify;\"><a href=\"http:\/\/media02.radiovaticana.va\/audio\/audio2\/mp3\/00548408.mp3\">Clique aqui para ouvir.<\/a><\/p>\n<p style=\"text-align: justify;\">\u00a0<\/p>\n<p style=\"text-align: justify;\">O Pont\u00edfice notou, com um pouco de amargura, que quando recitamos a \u00faltima parte do Credo, o fazemos com pressa porque nos amedronta pensar ao futuro, \u00e0 ressurrei\u00e7\u00e3o dos mortos.<\/p>\n<p>L\u00f3gica de Cristo<\/p>\n<p>\u201c\u00c9 f\u00e1cil para todos \u2013 observou \u2013 entrar na l\u00f3gica do passado, porque \u00e9 concreta\u201d, e tamb\u00e9m \u00e9 \u201cf\u00e1cil entrar na l\u00f3gica do presente, porque o vemos\u201d. Mas quando olhamos para o futuro, ent\u00e3o pensamos que seria \u201cmelhor n\u00e3o pensar\u201d. \u201cN\u00e3o \u00e9 f\u00e1cil \u2013 reiterou \u2013 entrar na totalidade desta l\u00f3gica do futuro\u201d.<\/p>\n<p style=\"text-align: justify;\">\u00a0<\/p>\n<p style=\"text-align: justify;\"><a href=\"https:\/\/www.youtube.com\/watch?time_continue=1&#038;v=vAR36ft3tdk\">Clique aqui para assistir.<\/a><\/p>\n<p style=\"text-align: justify;\">\u00a0<\/p>\n<p style=\"text-align: justify;\">\u201cA l\u00f3gica de ontem \u00e9 f\u00e1cil. A l\u00f3gica do hoje \u00e9 f\u00e1cil. A l\u00f3gica do amanh\u00e3 \u00e9 f\u00e1cil: todos morreremos. Mas a l\u00f3gica do depois de amanh\u00e3, esta \u00e9 dif\u00edcil. E isto \u00e9 aquilo que Paulo quer anunciar hoje: a l\u00f3gica do depois de amanh\u00e3. Como ser\u00e1? Como ser\u00e1 isso? A ressurrei\u00e7\u00e3o. Cristo ressuscitou. Cristo ressuscitou e est\u00e1 bem claro que n\u00e3o ressuscitou como um fantasma. No trecho de Lucas sobre a ressurrei\u00e7\u00e3o: \u201cToquem-me\u201d. Um fantasma n\u00e3o tem carne, n\u00e3o tem ossos. \u201cToquem-me. Deem-me de comer\u201d. A l\u00f3gica do depois do amanh\u00e3 \u00e9 a l\u00f3gica na qual entra a carne\u201d.<\/p>\n<p>Perguntamo-nos, retomou o Papa, \u201ccomo ser\u00e1 o c\u00e9u?\u201d, se \u201cestaremos todos l\u00e1\u201d, mas \u201cn\u00e3o entendemos aquilo que Paulo quer que entendamos, esta l\u00f3gica do depois do amanh\u00e3\u201d. E aqui, advertiu, \u201csomos tra\u00eddos por um certo agnosticismo\u201d quando pensamos que \u201cser\u00e1 tudo espiritual\u201d e \u201ctemos medo da carne\u201d.<\/p>\n<p>Piedade espiritualista<\/p>\n<p>N\u00e3o esque\u00e7amos, disse Francisco, \u201cque esta foi a primeira heresia\u201d, que o Apost\u00f3lo Jo\u00e3o condena: \u2018Quem diz que o Verbo de Deus n\u00e3o se fez carne, \u00e9 do anticristo\u2019.<\/p>\n<p>\u201cTemos medo de aceitar e levar \u00e0s \u00faltimas consequ\u00eancias a carne de Cristo. \u00c9 mais f\u00e1cil uma piedade espiritualista, uma piedade de nuances; mas entrar na l\u00f3gica da carne de Cristo, isto \u00e9 dif\u00edcil. E esta \u00e9 a l\u00f3gica do depois do amanh\u00e3. N\u00f3s ressuscitaremos como Cristo ressuscitou, com a nossa carne\u201d.<\/p>\n<p>O Papa recordou que os primeiros crist\u00e3os se perguntavam como Jesus ressuscitou e observa que \u201cna f\u00e9 da ressurrei\u00e7\u00e3o da carne, est\u00e3o enraizadas as mais profundas obras de miseric\u00f3rdia, porque h\u00e1 uma conex\u00e3o cont\u00ednua\u201d. De outro lado, prosseguiu, S\u00e3o Paulo sublinha com \u00eanfase que todos seremos transformados, o nosso corpo e a nossa carne ser\u00e3o transformados.<\/p>\n<p>Transforma\u00e7\u00e3o da carne<\/p>\n<p>Ainda, recorda que o Senhor \u201cfez-se ver e tocar e comeu junto com os disc\u00edpulos ap\u00f3s a ressurrei\u00e7\u00e3o\u201d. E esta \u201c\u00e9 a l\u00f3gica do depois do amanh\u00e3, aquela que temos dificuldade de entender, na qual todos encontramos dificuldades para entrar\u201d:<\/p>\n<p>\u201c\u00c9 um sinal de maturidade entender bem a l\u00f3gica do passado, \u00e9 um sinal de maturidade se mover na l\u00f3gica do presente, aquela de ontem e aquela de hoje. \u00c9 tamb\u00e9m um sinal de maturidade ter a prud\u00eancia para enxergar a l\u00f3gica do amanh\u00e3, do futuro. Mas \u00e9 preciso uma grande gra\u00e7a do Esp\u00edrito Santo para entender esta l\u00f3gica do depois do amanh\u00e3, depois da transforma\u00e7\u00e3o, quando Ele vir\u00e1 e nos levar\u00e1 \u00e0s nuvens, todos transformados, para permanecer sempre com Ele. Pe\u00e7amos ao Senhor a gra\u00e7a desta f\u00e9\u201d.<\/p>\n<p style=\"text-align: justify;\">\u00a0<\/p>\n<p style=\"text-align: justify;\">Fonte: R\u00e1dio Vaticano<\/p>\n","protected":false},"excerpt":{"rendered":"<p>R\u00e1dio Vaticano (RV) \u2013 \u201cSe Cristo n\u00e3o ressuscitou, tampouco n\u00f3s ressuscitaremos\u201d. A partir deste trecho da Primeira Carta de S\u00e3o Paulo aos Cor\u00edntios, o Papa desenvolveu sua medita\u00e7\u00e3o matutina na Casa Santa Marta, na manh\u00e3 desta sexta-feira (16\/09). Francisco ent\u00e3o enfatizou a \u201cl\u00f3gica da reden\u00e7\u00e3o at\u00e9 o final\u201d. \u00a0 Clique aqui para ouvir. \u00a0 O [&hellip;]<\/p>\n","protected":false},"author":1,"featured_media":17983,"comment_status":"open","ping_status":"open","sticky":false,"template":"","format":"standard","meta":{"footnotes":""},"categories":[3],"tags":[],"class_list":["post-17984","post","type-post","status-publish","format-standard","has-post-thumbnail","hentry","category-vaticano"],"_links":{"self":[{"href":"https:\/\/catolicanet.net\/wp-cnet\/wp-json\/wp\/v2\/posts\/17984","targetHints":{"allow":["GET"]}}],"collection":[{"href":"https:\/\/catolicanet.net\/wp-cnet\/wp-json\/wp\/v2\/posts"}],"about":[{"href":"https:\/\/catolicanet.net\/wp-cnet\/wp-json\/wp\/v2\/types\/post"}],"author":[{"embeddable":true,"href":"https:\/\/catolicanet.net\/wp-cnet\/wp-json\/wp\/v2\/users\/1"}],"replies":[{"embeddable":true,"href":"https:\/\/catolicanet.net\/wp-cnet\/wp-json\/wp\/v2\/comments?post=17984"}],"version-history":[{"count":1,"href":"https:\/\/catolicanet.net\/wp-cnet\/wp-json\/wp\/v2\/posts\/17984\/revisions"}],"predecessor-version":[{"id":27525,"href":"https:\/\/catolicanet.net\/wp-cnet\/wp-json\/wp\/v2\/posts\/17984\/revisions\/27525"}],"wp:featuredmedia":[{"embeddable":true,"href":"https:\/\/catolicanet.net\/wp-cnet\/wp-json\/wp\/v2\/media\/17983"}],"wp:attachment":[{"href":"https:\/\/catolicanet.net\/wp-cnet\/wp-json\/wp\/v2\/media?parent=17984"}],"wp:term":[{"taxonomy":"category","embeddable":true,"href":"https:\/\/catolicanet.net\/wp-cnet\/wp-json\/wp\/v2\/categories?post=17984"},{"taxonomy":"post_tag","embeddable":true,"href":"https:\/\/catolicanet.net\/wp-cnet\/wp-json\/wp\/v2\/tags?post=17984"}],"curies":[{"name":"wp","href":"https:\/\/api.w.org\/{rel}","templated":true}]}}