{"id":17935,"date":"2016-09-15T12:48:54","date_gmt":"2016-09-15T15:48:54","guid":{"rendered":"http:\/\/catolicanet.net\/wp-cnet\/2016\/09\/15\/refugiados-no-encontro-pela-paz-em-assis-vao-almocar-com-o-papa\/"},"modified":"2017-06-02T14:01:17","modified_gmt":"2017-06-02T17:01:17","slug":"refugiados-no-encontro-pela-paz-em-assis-vao-almocar-com-o-papa","status":"publish","type":"post","link":"https:\/\/catolicanet.net\/wp-cnet\/refugiados-no-encontro-pela-paz-em-assis-vao-almocar-com-o-papa\/","title":{"rendered":"Refugiados no Encontro pela Paz em Assis v\u00e3o almo\u00e7ar com o Papa"},"content":{"rendered":"<p style=\"text-align: justify;\"><img decoding=\"async\" src=\"http:\/\/www.catolicanet.com.br\/images\/stories\/noticias\/ap3654341_articolo.jpg\" border=\"0\" align=\"left\" \/>Assis (RV) \u2013 Al\u00e9m dos l\u00edderes de v\u00e1rias religi\u00f5es, vencedores de Pr\u00eamios Nobel e expoentes intelectuais e da sociedade civil em geral, foram convidados para participar do Encontro Internacional pela Paz em Assis, de 18 a 20 de setembro, 25 refugiados.<\/p>\n<p style=\"text-align: justify;\"><a href=\"http:\/\/media02.radiovaticana.va\/audio\/audio2\/mp3\/00548219.mp3\">Clique aqui para ouvir.<\/a><\/p>\n<p style=\"text-align: justify;\">Ser\u00e3o 10 h\u00f3spedes da Comunidade de Santo Eg\u00eddio em Roma, 10 do Centro de Acolhimento de Requerentes de Asilo (Cara) de Castelnuovo di Porto e 5 da Caritas de Assis. Depois do almo\u00e7o com o Papa, no refeit\u00f3rio do Sacro Convento dos Franciscanos, uma senhora arm\u00eania de Aleppo, na S\u00edria, e refugiada na regi\u00e3o da Toscana, subir\u00e1 ao palco e tomar\u00e1 a palavra.<\/p>\n<p>Abertura dia 18 com o Presidente da Rep\u00fablica<\/p>\n<p>O evento, h\u00e1 30 anos do primeiro, promovido por S\u00e3o Jo\u00e3o Paulo II, se intitula \u201cSede de Paz; religi\u00f5es e culturas em di\u00e1logo\u201d e ser\u00e1 aberto em um teatro da cidade com a presen\u00e7a do Presidente da Rep\u00fablica italiana Sergio Mattarella.<\/p>\n<p>Conclus\u00e3o dia 20 com o Papa Francisco<\/p>\n<p>O \u00faltimo dia ter\u00e1 a cerim\u00f4nia com a presen\u00e7a do Papa, que chegar\u00e1 a Assis de manh\u00e3. Est\u00e3o previstas uma ora\u00e7\u00e3o e uma prociss\u00e3o pela paz, e na Pra\u00e7a inferior de S\u00e3o Francisco, os l\u00edderes religiosos far\u00e3o suas sauda\u00e7\u00f5es, inclusive Francisco. O programa prev\u00ea um momento de sil\u00eancio em mem\u00f3ria das v\u00edtimas de guerras e terrorismo, a assinatura de um apelo pela paz, o acendimento de candelabros e no fim, um abra\u00e7o de paz.<\/p>\n<p>A RV transmitir\u00e1 ao vivo o evento principal do Encontro de Assis, na tarde do dia 20, com a presen\u00e7a do Santo Padre.<\/p>\n<p style=\"text-align: justify;\">\u00a0<\/p>\n<p style=\"text-align: justify;\">Fonte: R\u00e1dio Vaticano<\/p>\n","protected":false},"excerpt":{"rendered":"<p>Assis (RV) \u2013 Al\u00e9m dos l\u00edderes de v\u00e1rias religi\u00f5es, vencedores de Pr\u00eamios Nobel e expoentes intelectuais e da sociedade civil em geral, foram convidados para participar do Encontro Internacional pela Paz em Assis, de 18 a 20 de setembro, 25 refugiados. Clique aqui para ouvir. Ser\u00e3o 10 h\u00f3spedes da Comunidade de Santo Eg\u00eddio em Roma, [&hellip;]<\/p>\n","protected":false},"author":1,"featured_media":17934,"comment_status":"open","ping_status":"open","sticky":false,"template":"","format":"standard","meta":{"footnotes":""},"categories":[3],"tags":[],"class_list":["post-17935","post","type-post","status-publish","format-standard","has-post-thumbnail","hentry","category-vaticano"],"_links":{"self":[{"href":"https:\/\/catolicanet.net\/wp-cnet\/wp-json\/wp\/v2\/posts\/17935","targetHints":{"allow":["GET"]}}],"collection":[{"href":"https:\/\/catolicanet.net\/wp-cnet\/wp-json\/wp\/v2\/posts"}],"about":[{"href":"https:\/\/catolicanet.net\/wp-cnet\/wp-json\/wp\/v2\/types\/post"}],"author":[{"embeddable":true,"href":"https:\/\/catolicanet.net\/wp-cnet\/wp-json\/wp\/v2\/users\/1"}],"replies":[{"embeddable":true,"href":"https:\/\/catolicanet.net\/wp-cnet\/wp-json\/wp\/v2\/comments?post=17935"}],"version-history":[{"count":1,"href":"https:\/\/catolicanet.net\/wp-cnet\/wp-json\/wp\/v2\/posts\/17935\/revisions"}],"predecessor-version":[{"id":27531,"href":"https:\/\/catolicanet.net\/wp-cnet\/wp-json\/wp\/v2\/posts\/17935\/revisions\/27531"}],"wp:featuredmedia":[{"embeddable":true,"href":"https:\/\/catolicanet.net\/wp-cnet\/wp-json\/wp\/v2\/media\/17934"}],"wp:attachment":[{"href":"https:\/\/catolicanet.net\/wp-cnet\/wp-json\/wp\/v2\/media?parent=17935"}],"wp:term":[{"taxonomy":"category","embeddable":true,"href":"https:\/\/catolicanet.net\/wp-cnet\/wp-json\/wp\/v2\/categories?post=17935"},{"taxonomy":"post_tag","embeddable":true,"href":"https:\/\/catolicanet.net\/wp-cnet\/wp-json\/wp\/v2\/tags?post=17935"}],"curies":[{"name":"wp","href":"https:\/\/api.w.org\/{rel}","templated":true}]}}