{"id":17931,"date":"2016-09-15T12:28:45","date_gmt":"2016-09-15T15:28:45","guid":{"rendered":"http:\/\/catolicanet.net\/wp-cnet\/2016\/09\/15\/motu-proprio-do-papa-para-harmonizar-dois-codigos-da-igreja\/"},"modified":"2017-06-02T11:21:29","modified_gmt":"2017-06-02T14:21:29","slug":"motu-proprio-do-papa-para-harmonizar-dois-codigos-da-igreja","status":"publish","type":"post","link":"https:\/\/catolicanet.net\/wp-cnet\/motu-proprio-do-papa-para-harmonizar-dois-codigos-da-igreja\/","title":{"rendered":"Motu Proprio do Papa para harmonizar dois C\u00f3digos da Igreja"},"content":{"rendered":"<p style=\"text-align: justify;\"><img decoding=\"async\" src=\"http:\/\/www.catolicanet.com.br\/images\/stories\/papas\/ap3195068_articolo.jpg\" border=\"0\" align=\"left\" \/>Cidade do Vaticano (RV) \u2013 Foi publicada nesta quinta-feira (15\/09) uma Carta Apost\u00f3lica do Papa Francisco em forma de Motu Proprio. Trata-se do documento &#8220;Concordia Codice&#8221;, que nasceu da necessidade de harmonizar alguns pontos do C\u00f3digo de Direito Can\u00f4nico e do C\u00f3digo dos C\u00e2nones das Igrejas Orientais.<\/p>\n<p style=\"text-align: justify;\"><a href=\"http:\/\/media02.radiovaticana.va\/audio\/audio2\/mp3\/00548217.mp3\">Clique aqui para ouvir.<\/a><\/p>\n<p>Os dois C\u00f3digos possuem, de um lado, normas comuns e, de outro, peculiaridades pr\u00f3prias que os tornam reciprocamente aut\u00f4nomos. Mas \u00e9 necess\u00e1rio que nas normas peculiares haja suficiente concord\u00e2ncia. De fato, explica o Papa no documento, as discrep\u00e2ncias podem incidir negativamente na pr\u00e1xis pastoral.<\/p>\n<p>Isso se verifica de modo especial nos dias de hoje, em que a mobilidade da popula\u00e7\u00e3o determinou a presen\u00e7a de um n\u00famero not\u00e1vel de fi\u00e9is orientais em territ\u00f3rios latinos. Esta nova situa\u00e7\u00e3o, afirma Francisco, gera m\u00faltiplas quest\u00f5es pastorais e jur\u00eddicas, as quais requerem ser resolvidas com normas apropriadas. Deve-se recordar que os fi\u00e9is orientais t\u00eam a obriga\u00e7\u00e3o de observar o pr\u00f3prio rito onde quer se encontrem, portanto a autoridade eclesi\u00e1stica competente tem a responsabilidade de oferecer a eles os meios adequados para que possam cumprir com esta obriga\u00e7\u00e3o.<\/p>\n<p>A finalidade das normas introduzidas com este Motu Proprio \u00e9 alcan\u00e7ar uma disciplina comum, que oferece certeza no modo de agir pastoral nos casos concretos.<\/p>\n<p>O Pontif\u00edcio Conselho para os Textos Legislativos identificou as quest\u00f5es cruciais, como por exemplo o batizado dos filhos de pais pertencentes a ritos diferentes, matrim\u00f4nios mistos, educa\u00e7\u00e3o da prole e a fun\u00e7\u00e3o dos leigos. O Motu Proprio est\u00e1 dispon\u00edvel em italiano e latim.<\/p>\n<p style=\"text-align: justify;\">\u00a0<\/p>\n<p style=\"text-align: justify;\">Fonte: R\u00e1dio Vaticano<\/p>\n","protected":false},"excerpt":{"rendered":"<p>Cidade do Vaticano (RV) \u2013 Foi publicada nesta quinta-feira (15\/09) uma Carta Apost\u00f3lica do Papa Francisco em forma de Motu Proprio. Trata-se do documento &#8220;Concordia Codice&#8221;, que nasceu da necessidade de harmonizar alguns pontos do C\u00f3digo de Direito Can\u00f4nico e do C\u00f3digo dos C\u00e2nones das Igrejas Orientais. Clique aqui para ouvir. Os dois C\u00f3digos possuem, [&hellip;]<\/p>\n","protected":false},"author":1,"featured_media":17930,"comment_status":"open","ping_status":"open","sticky":false,"template":"","format":"standard","meta":{"footnotes":""},"categories":[3],"tags":[],"class_list":["post-17931","post","type-post","status-publish","format-standard","has-post-thumbnail","hentry","category-vaticano"],"_links":{"self":[{"href":"https:\/\/catolicanet.net\/wp-cnet\/wp-json\/wp\/v2\/posts\/17931","targetHints":{"allow":["GET"]}}],"collection":[{"href":"https:\/\/catolicanet.net\/wp-cnet\/wp-json\/wp\/v2\/posts"}],"about":[{"href":"https:\/\/catolicanet.net\/wp-cnet\/wp-json\/wp\/v2\/types\/post"}],"author":[{"embeddable":true,"href":"https:\/\/catolicanet.net\/wp-cnet\/wp-json\/wp\/v2\/users\/1"}],"replies":[{"embeddable":true,"href":"https:\/\/catolicanet.net\/wp-cnet\/wp-json\/wp\/v2\/comments?post=17931"}],"version-history":[{"count":1,"href":"https:\/\/catolicanet.net\/wp-cnet\/wp-json\/wp\/v2\/posts\/17931\/revisions"}],"predecessor-version":[{"id":27533,"href":"https:\/\/catolicanet.net\/wp-cnet\/wp-json\/wp\/v2\/posts\/17931\/revisions\/27533"}],"wp:featuredmedia":[{"embeddable":true,"href":"https:\/\/catolicanet.net\/wp-cnet\/wp-json\/wp\/v2\/media\/17930"}],"wp:attachment":[{"href":"https:\/\/catolicanet.net\/wp-cnet\/wp-json\/wp\/v2\/media?parent=17931"}],"wp:term":[{"taxonomy":"category","embeddable":true,"href":"https:\/\/catolicanet.net\/wp-cnet\/wp-json\/wp\/v2\/categories?post=17931"},{"taxonomy":"post_tag","embeddable":true,"href":"https:\/\/catolicanet.net\/wp-cnet\/wp-json\/wp\/v2\/tags?post=17931"}],"curies":[{"name":"wp","href":"https:\/\/api.w.org\/{rel}","templated":true}]}}