{"id":17929,"date":"2016-09-15T12:21:18","date_gmt":"2016-09-15T15:21:18","guid":{"rendered":"http:\/\/catolicanet.net\/wp-cnet\/2016\/09\/15\/papa-neste-mundo-qorfaoq-temos-uma-mae-que-nos-acompanha-e-defende\/"},"modified":"2017-06-02T13:46:14","modified_gmt":"2017-06-02T16:46:14","slug":"papa-neste-mundo-qorfaoq-temos-uma-mae-que-nos-acompanha-e-defende","status":"publish","type":"post","link":"https:\/\/catolicanet.net\/wp-cnet\/papa-neste-mundo-qorfaoq-temos-uma-mae-que-nos-acompanha-e-defende\/","title":{"rendered":"Papa: neste mundo &#8220;\u00f3rf\u00e3o&#8221; temos uma M\u00e3e que nos acompanha e defende"},"content":{"rendered":"<p style=\"text-align: justify;\"><img decoding=\"async\" src=\"http:\/\/www.catolicanet.com.br\/images\/stories\/papas\/ossrom130936_articolo.jpg\" border=\"0\" align=\"left\" \/>Cidade do Vaticano (RV) &#8211; &#8220;Neste mundo que sofre a crise da grande orfandade, n\u00f3s temos uma M\u00e3e que nos acompanha e nos defende&#8221;: foi o que afirmou o Papa na missa da manh\u00e3, presidida na Casa Santa Marta, no dia em que a Igreja celebra a mem\u00f3ria de Nossa Senhora das Dores.<\/p>\n<p>O Evangelho do dia (15\/09) prop\u00f5e uma cena no Calv\u00e1rio. Todos os disc\u00edpulos fugiram, com a exce\u00e7\u00e3o de Jo\u00e3o e algumas mulheres. Aos p\u00e9s da Cruz, ficou Maria, a M\u00e3e de Jesus.<\/p>\n<p>\u201cTodos olhavam para ela. \u2018Aquela \u00e9 a m\u00e3e do delinquente; aquela \u00e9 a m\u00e3e deste subversivo!\u2019, diziam.<\/p>\n<p>&#8220;Maria ouvia tudo e sofria uma humilha\u00e7\u00e3o terr\u00edvel. Ouvia tamb\u00e9m os \u2018grandes\u2019, alguns sacerdotes que ela respeitava por serem sacerdotes. \u2018Mas tu, que \u00e9s t\u00e3o bom, des\u00e7a!\u2019. Com seu Filho, nu, ali. Maria tinha um sofrimento t\u00e3o grande, mas n\u00e3o foi embora; n\u00e3o renegou seu Filho! Era a sua carne\u201d.<\/p>\n<p>O Papa Francesco recordou quando visitava os detentos nos c\u00e1rceres, em Buenos Aires, e via sempre em fila as mulheres que aguardavam para entrar:<\/p>\n<p>\u201cEram m\u00e3es, mas n\u00e3o se envergonhavam. A carne delas estava l\u00e1 dentro. Estas mulheres sofriam n\u00e3o s\u00f3 com a vergonha de estar ali. \u2018Olha aquela!&#8230; o que ser\u00e1 que seu filho fez?\u2019, mas tamb\u00e9m sofriam com a humilhante revista que lhes faziam antes de entrar. Mas eram m\u00e3es e iam visitar a pr\u00f3pria carne. Assim Maria estava ali com seu Filho, com aquele sofrimento t\u00e3o grande\u201d.<\/p>\n<p>Jesus \u2013 afirmou o Papa \u2013 prometeu n\u00e3o nos deixar \u00f3rf\u00e3os, e na Cruz nos doou a sua M\u00e3e como nossa M\u00e3e: <\/p>\n<p>\u201cN\u00f3s, crist\u00e3os, temos uma M\u00e3e, a mesma de Jesus; temos um Pai, o mesmo de Jesus. N\u00e3o somos \u00f3rf\u00e3os! E Ela nos d\u00e1 \u00e0 luz naquele momento com tanta dor: \u00e9 realmente um mart\u00edrio. Com o cora\u00e7\u00e3o transpassado, aceita dar \u00e0 luz a todos naquele momento de dor. E a partir daquele momento, Ela se torna a nossa M\u00e3e, a partir daquele momento Ela \u00e9 nossa M\u00e3e, aquela que cuida de n\u00f3s e n\u00e3o tem vergonha de n\u00f3s, nos defende\u201d.<\/p>\n<p>Os m\u00edsticos russos dos primeiros s\u00e9culos \u2013 recordou o Papa Francisco \u2013, aconselhavam a se refugiar sob o manto da M\u00e3e de Deus no momento das turbul\u00eancias espirituais: &#8220;Ali o diabo n\u00e3o pode entrar. Porque Ela \u00e9 M\u00e3e e como M\u00e3e defende. Em seguida, o Ocidente acolheu este conselho e fez a primeira ant\u00edfona mariana &#8216;Sub tuum&#8217; praedisum &#8211; &#8216;! Sob o seu manto, sob a sua cust\u00f3dia, oh M\u00e3e&#8217;. Ali, estamos seguros\u201d.<\/p>\n<p>\u201cEm um mundo que podemos chamar \u201c\u00f3rf\u00e3o\u201d &#8211; concluiu o Papa &#8211; neste mundo que sofre com a crise de uma grande orfandade, talvez a nossa ajuda \u00e9 dizer \u201cOlhe para sua m\u00e3e!\u201d. N\u00f3s temos uma que nos defende, nos ensina, nos acompanha; que n\u00e3o tem vergonha dos nossos pecados. N\u00e3o se envergonha, porque Ela \u00e9 m\u00e3e. Que o Esp\u00edrito Santo, este amigo, este companheiro de viagem, este Par\u00e1clito advogado que o Senhor nos enviou, nos fa\u00e7a compreender este mist\u00e9rio t\u00e3o grande da maternidade de Maria\u201d.<\/p>\n<p style=\"text-align: justify;\">\u00a0<\/p>\n<p style=\"text-align: justify;\">Fonte: R\u00e1dio Vaticano<\/p>\n","protected":false},"excerpt":{"rendered":"<p>Cidade do Vaticano (RV) &#8211; &#8220;Neste mundo que sofre a crise da grande orfandade, n\u00f3s temos uma M\u00e3e que nos acompanha e nos defende&#8221;: foi o que afirmou o Papa na missa da manh\u00e3, presidida na Casa Santa Marta, no dia em que a Igreja celebra a mem\u00f3ria de Nossa Senhora das Dores. O Evangelho [&hellip;]<\/p>\n","protected":false},"author":1,"featured_media":17928,"comment_status":"open","ping_status":"open","sticky":false,"template":"","format":"standard","meta":{"footnotes":""},"categories":[3],"tags":[],"class_list":["post-17929","post","type-post","status-publish","format-standard","has-post-thumbnail","hentry","category-vaticano"],"_links":{"self":[{"href":"https:\/\/catolicanet.net\/wp-cnet\/wp-json\/wp\/v2\/posts\/17929","targetHints":{"allow":["GET"]}}],"collection":[{"href":"https:\/\/catolicanet.net\/wp-cnet\/wp-json\/wp\/v2\/posts"}],"about":[{"href":"https:\/\/catolicanet.net\/wp-cnet\/wp-json\/wp\/v2\/types\/post"}],"author":[{"embeddable":true,"href":"https:\/\/catolicanet.net\/wp-cnet\/wp-json\/wp\/v2\/users\/1"}],"replies":[{"embeddable":true,"href":"https:\/\/catolicanet.net\/wp-cnet\/wp-json\/wp\/v2\/comments?post=17929"}],"version-history":[{"count":1,"href":"https:\/\/catolicanet.net\/wp-cnet\/wp-json\/wp\/v2\/posts\/17929\/revisions"}],"predecessor-version":[{"id":27534,"href":"https:\/\/catolicanet.net\/wp-cnet\/wp-json\/wp\/v2\/posts\/17929\/revisions\/27534"}],"wp:featuredmedia":[{"embeddable":true,"href":"https:\/\/catolicanet.net\/wp-cnet\/wp-json\/wp\/v2\/media\/17928"}],"wp:attachment":[{"href":"https:\/\/catolicanet.net\/wp-cnet\/wp-json\/wp\/v2\/media?parent=17929"}],"wp:term":[{"taxonomy":"category","embeddable":true,"href":"https:\/\/catolicanet.net\/wp-cnet\/wp-json\/wp\/v2\/categories?post=17929"},{"taxonomy":"post_tag","embeddable":true,"href":"https:\/\/catolicanet.net\/wp-cnet\/wp-json\/wp\/v2\/tags?post=17929"}],"curies":[{"name":"wp","href":"https:\/\/api.w.org\/{rel}","templated":true}]}}