{"id":17920,"date":"2016-09-14T14:09:05","date_gmt":"2016-09-14T17:09:05","guid":{"rendered":"http:\/\/catolicanet.net\/wp-cnet\/2016\/09\/14\/papa-recorda-sacerdote-degolado-qmatar-em-nome-de-deus-e-satanicoq\/"},"modified":"2017-06-02T13:08:14","modified_gmt":"2017-06-02T16:08:14","slug":"papa-recorda-sacerdote-degolado-qmatar-em-nome-de-deus-e-satanicoq","status":"publish","type":"post","link":"https:\/\/catolicanet.net\/wp-cnet\/papa-recorda-sacerdote-degolado-qmatar-em-nome-de-deus-e-satanicoq\/","title":{"rendered":"Papa recorda sacerdote degolado: &#8220;Matar em nome de Deus \u00e9 sat\u00e2nico&#8221;"},"content":{"rendered":"<p style=\"text-align: justify;\"><img decoding=\"async\" src=\"http:\/\/www.catolicanet.com.br\/images\/stories\/noticias\/ossrom130846_articolo.jpg\" border=\"0\" align=\"left\" \/>Cidade do Vaticano (RV) \u2013 O Papa Francisco celebrou a Missa na manh\u00e3 desta quarta-feira (14\/09), na capela da Casa Santa Marta, em sufr\u00e1gio de Pe. Jacques Hamel.<\/p>\n<p style=\"text-align: justify;\">\u00a0<\/p>\n<p style=\"text-align: justify;\"><a href=\"http:\/\/media02.radiovaticana.va\/audio\/audio2\/mp3\/00548065.mp3\">Clique aqui para ouvir.<br \/><\/a><\/p>\n<p style=\"text-align: justify;\">O sacerdote franc\u00eas de 85 anos foi degolado por dois jihadistas num atentado em 26 de julho durante a celebra\u00e7\u00e3o eucar\u00edstica na igreja de Saint-Etienne-du-Rouvray.<\/p>\n<p>Em sua homilia, o Pont\u00edfice recordou que a Igreja celebra hoje a festa da Exalta\u00e7\u00e3o da Santa Cruz Cruz \u2013 e \u00e9 na Cruz que compreendemos plenamente o mist\u00e9rio de Cristo.<\/p>\n<p>Cristo \u00e9 o primeiro m\u00e1rtir<\/p>\n<p>\u201cEste mist\u00e9rio de aniquila\u00e7\u00e3o, de proximidade a n\u00f3s. Como diz Paulo, vivendo na condi\u00e7\u00e3o de Deus, Cristo n\u00e3o considera um privil\u00e9gio ser como Deus, mas esvazia a si mesmo, assumindo uma condi\u00e7\u00e3o de servo, tornando-se semelhante aos homens. Humilhou a si mesmo fazendo-se obediente at\u00e9 a morte, a uma morte de Cruz. Este \u00e9 o mist\u00e9rio de Cristo. Jesus Cristo \u00e9 o primeiro m\u00e1rtir, o primeiro que d\u00e1 a vida por n\u00f3s, e deste mist\u00e9rio de Cristo come\u00e7a toda a hist\u00f3ria do mart\u00edrio crist\u00e3o, desde os primeiros s\u00e9culos at\u00e9 hoje&#8221;.<\/p>\n<p style=\"text-align: justify;\">\u00a0<\/p>\n<p style=\"text-align: justify;\"><a href=\"https:\/\/www.youtube.com\/watch?v=FqICZcnZCC8\">Clique aqui para assistir.<\/a><\/p>\n<p style=\"text-align: justify;\">\n<p>Os primeiros crist\u00e3os, explicou o Papa, recebiam a proposta da apostasia, isto \u00e9: \u201cDigam que o nosso deus \u00e9 o verdadeiro. Fa\u00e7am um sacrif\u00edcio ao nosso deus ou aos nossos deuses\u201d, e se rejeitavam a apostasia, eram assassinados.<\/p>\n<p>Matar em nome de Deus \u00e9 sat\u00e2nico<\/p>\n<p>\u201cEsta hist\u00f3ria se repete at\u00e9 hoje na Igreja e hoje na Igreja h\u00e1 mais m\u00e1rtires crist\u00e3os do que nos primeiros tempos. Hoje h\u00e1 crist\u00e3os assassinados, torturados, encarcerados, degolados porque n\u00e3o renegam Jesus Cristo. Nesta hist\u00f3ria, chegamos ao nosso padre Jacques: ele faz parte dessa corrente de m\u00e1rtires. Os crist\u00e3os que hoje sofrem \u2013 seja na pris\u00e3o ou com a morte ou com as torturas \u2013 para n\u00e3o renegar Jesus Cristo mostram precisamente a crueldade dessa persegui\u00e7\u00e3o. E esta crueldade que a apostasia exige, digamos a palavra, \u00e9 sat\u00e2nica. E quanto seria bom que todas as confiss\u00f5es religiosas dissessem: \u201cMatar em nome de Deus \u00e9 sat\u00e2nico.\u201d<\/p>\n<p>Francisco recordou que Padre Jacques Hamel foi degolado na Cruz, justamente enquanto celebrava o sacrif\u00edcio da Cruz de Cristo. \u201cHomem bom, manso, de fraternidade, que sempre buscava fazer a paz, foi assassinado como se fosse um criminoso. Mas h\u00e1 algo, neste homem, que aceitou o seu mart\u00edrio no altar, algo que me faz pensar muito: em meio ao momento dif\u00edcil que vivia, em meio a esta trag\u00e9dia que ele via se aproximar, um homem manso, um homem bom, um homem que fazia fraternidade, n\u00e3o perdeu a lucidez de acusar e dizer claramente o nome do assassino. E disse claramente: \u2018Vai embora, Satan\u00e1s!\u2019. Deu a vida por n\u00f3s, deu a vida para n\u00e3o renegar Jesus. Deu a vida no mesmo sacrif\u00edcio de Jesus no altar e dali acusou o autor da persegui\u00e7\u00e3o: \u2018Vai embora, Satan\u00e1s!\u2019.\u201d<\/p>\n<p>Pe. Hamel \u00e9 um m\u00e1rtir<\/p>\n<p>O Pont\u00edfice concluiu: \u201cQue esse exemplo de coragem, mas tamb\u00e9m de mart\u00edrio da pr\u00f3pria vida, de esvaziar a si mesmo para ajudar os outros, de fazer fraternidade entre os homens, ajude todos n\u00f3s a ir avante sem medo. Ele do C\u00e9u, porque devemos rezar para ele, eh?: \u00e9 um m\u00e1rtir! E os m\u00e1rtires s\u00e3o bem-aventurados \u2013 devemos rezar para ele, que nos d\u00ea a mansid\u00e3o, a fraternidade, a paz e tamb\u00e9m a coragem de dizer a verdade: matar em nome de Deus \u00e9 sat\u00e2nico\u201d. <\/p>\n<p>Peregrinos franceses<\/p>\n<p>Participou da Missa um grupo de 80 peregrinos franceses de Rouen, acompanhados de seu Bispo, Dominique Lebrun. Tamb\u00e9m concelebrou o Cardeal hondurenho Oscar Andr\u00e9s Rodriguez Maradiaga, coordenador do Conselho de Cardeais, que conclui hoje mais um ciclo de reuni\u00f5es com o Papa. No altar, foi colocada uma imagem de Padre Hamel.<\/p>\n<p>Brevi\u00e1rio de Padre Jacques em Roma<\/p>\n<p>A Comunidade de Santo Eg\u00eddio comunicou que o brevi\u00e1rio de Padre Jacques Hamel ser\u00e1 conservado em Roma. Quinta-feira (15\/09), \u00e0s 20h, haver\u00e1 uma celebra\u00e7\u00e3o em S\u00e3o Bartolomeu, a Igreja em Roma dedicada aos \u201cnovos m\u00e1rtires\u201d, para recordar Padre Hamel.<\/p>\n<p style=\"text-align: justify;\">\u00a0<\/p>\n<p style=\"text-align: justify;\">Fonte: R\u00e1dio Vaticano<\/p>\n","protected":false},"excerpt":{"rendered":"<p>Cidade do Vaticano (RV) \u2013 O Papa Francisco celebrou a Missa na manh\u00e3 desta quarta-feira (14\/09), na capela da Casa Santa Marta, em sufr\u00e1gio de Pe. Jacques Hamel. \u00a0 Clique aqui para ouvir. O sacerdote franc\u00eas de 85 anos foi degolado por dois jihadistas num atentado em 26 de julho durante a celebra\u00e7\u00e3o eucar\u00edstica na [&hellip;]<\/p>\n","protected":false},"author":1,"featured_media":17919,"comment_status":"open","ping_status":"open","sticky":false,"template":"","format":"standard","meta":{"footnotes":""},"categories":[3],"tags":[],"class_list":["post-17920","post","type-post","status-publish","format-standard","has-post-thumbnail","hentry","category-vaticano"],"_links":{"self":[{"href":"https:\/\/catolicanet.net\/wp-cnet\/wp-json\/wp\/v2\/posts\/17920","targetHints":{"allow":["GET"]}}],"collection":[{"href":"https:\/\/catolicanet.net\/wp-cnet\/wp-json\/wp\/v2\/posts"}],"about":[{"href":"https:\/\/catolicanet.net\/wp-cnet\/wp-json\/wp\/v2\/types\/post"}],"author":[{"embeddable":true,"href":"https:\/\/catolicanet.net\/wp-cnet\/wp-json\/wp\/v2\/users\/1"}],"replies":[{"embeddable":true,"href":"https:\/\/catolicanet.net\/wp-cnet\/wp-json\/wp\/v2\/comments?post=17920"}],"version-history":[{"count":1,"href":"https:\/\/catolicanet.net\/wp-cnet\/wp-json\/wp\/v2\/posts\/17920\/revisions"}],"predecessor-version":[{"id":27536,"href":"https:\/\/catolicanet.net\/wp-cnet\/wp-json\/wp\/v2\/posts\/17920\/revisions\/27536"}],"wp:featuredmedia":[{"embeddable":true,"href":"https:\/\/catolicanet.net\/wp-cnet\/wp-json\/wp\/v2\/media\/17919"}],"wp:attachment":[{"href":"https:\/\/catolicanet.net\/wp-cnet\/wp-json\/wp\/v2\/media?parent=17920"}],"wp:term":[{"taxonomy":"category","embeddable":true,"href":"https:\/\/catolicanet.net\/wp-cnet\/wp-json\/wp\/v2\/categories?post=17920"},{"taxonomy":"post_tag","embeddable":true,"href":"https:\/\/catolicanet.net\/wp-cnet\/wp-json\/wp\/v2\/tags?post=17920"}],"curies":[{"name":"wp","href":"https:\/\/api.w.org\/{rel}","templated":true}]}}