{"id":17916,"date":"2016-09-14T13:16:30","date_gmt":"2016-09-14T16:16:30","guid":{"rendered":"http:\/\/catolicanet.net\/wp-cnet\/2016\/09\/14\/americamexico-mais-violencia-em-michoacan-a-igreja-pede-a-intervencao-das-autoridades\/"},"modified":"2017-05-30T16:42:14","modified_gmt":"2017-05-30T19:42:14","slug":"americamexico-mais-violencia-em-michoacan-a-igreja-pede-a-intervencao-das-autoridades","status":"publish","type":"post","link":"https:\/\/catolicanet.net\/wp-cnet\/americamexico-mais-violencia-em-michoacan-a-igreja-pede-a-intervencao-das-autoridades\/","title":{"rendered":"AM\u00c9RICA\/M\u00c9XICO &#8211; Mais viol\u00eancia em Michoacan, a Igreja pede a interven\u00e7\u00e3o das autoridades"},"content":{"rendered":"<p style=\"text-align: justify;\"><img decoding=\"async\" src=\"http:\/\/www.catolicanet.com.br\/images\/stories\/noticias\/primopiano_2409.jpg\" border=\"0\" align=\"left\" \/>Michoacan (Ag\u00eancia Fides) \u2013 Poucos dias atr\u00e1s, os Bispos da prov\u00edncia eclesi\u00e1stica de Morelia, Estado de Michoacan, publicaram uma mensagem em que destacam a situa\u00e7\u00e3o preocupante em que vivem em decorr\u00eancia da viol\u00eancia e da aus\u00eancia das autoridades do Estado (veja Fides 7\/9\/2016).<br \/>O texto foi apresentado ontem numa coletiva de imprensa por Dom Armando Ant\u00f3nio Ort\u00edz Aguirre, Bispo da diocese de Ciudad L\u00e1zaro C\u00e1rdenas (M\u00e9xico). No final da coletiva, Dom Ort\u00edz Aguirre evidenciou que, at\u00e9 agora, os Bispos ainda n\u00e3o se encontraram com o governador ou com qualquer autoridade respons\u00e1vel pelo tema da seguran\u00e7a no Estado. Um ano atr\u00e1s, houve um encontro com o governador, quando este tinha acabado de ser eleito, e j\u00e1 na \u00e9poca manifestaram sua preocupa\u00e7\u00e3o com a inseguran\u00e7a social. O governador os tranquilizou, segundo as palavras do Bispo, dizendo que esta seria uma prioridade assim que assumisse o cargo.<\/p>\n<p style=\"text-align: justify;\">\u00a0<\/p>\n<p style=\"text-align: justify;\">Fonte: Ag\u00eancia Fides<\/p>\n","protected":false},"excerpt":{"rendered":"<p>Michoacan (Ag\u00eancia Fides) \u2013 Poucos dias atr\u00e1s, os Bispos da prov\u00edncia eclesi\u00e1stica de Morelia, Estado de Michoacan, publicaram uma mensagem em que destacam a situa\u00e7\u00e3o preocupante em que vivem em decorr\u00eancia da viol\u00eancia e da aus\u00eancia das autoridades do Estado (veja Fides 7\/9\/2016).O texto foi apresentado ontem numa coletiva de imprensa por Dom Armando Ant\u00f3nio [&hellip;]<\/p>\n","protected":false},"author":1,"featured_media":17915,"comment_status":"open","ping_status":"open","sticky":false,"template":"","format":"standard","meta":{"footnotes":""},"categories":[4],"tags":[],"class_list":["post-17916","post","type-post","status-publish","format-standard","has-post-thumbnail","hentry","category-cotidiano"],"_links":{"self":[{"href":"https:\/\/catolicanet.net\/wp-cnet\/wp-json\/wp\/v2\/posts\/17916","targetHints":{"allow":["GET"]}}],"collection":[{"href":"https:\/\/catolicanet.net\/wp-cnet\/wp-json\/wp\/v2\/posts"}],"about":[{"href":"https:\/\/catolicanet.net\/wp-cnet\/wp-json\/wp\/v2\/types\/post"}],"author":[{"embeddable":true,"href":"https:\/\/catolicanet.net\/wp-cnet\/wp-json\/wp\/v2\/users\/1"}],"replies":[{"embeddable":true,"href":"https:\/\/catolicanet.net\/wp-cnet\/wp-json\/wp\/v2\/comments?post=17916"}],"version-history":[{"count":1,"href":"https:\/\/catolicanet.net\/wp-cnet\/wp-json\/wp\/v2\/posts\/17916\/revisions"}],"predecessor-version":[{"id":25243,"href":"https:\/\/catolicanet.net\/wp-cnet\/wp-json\/wp\/v2\/posts\/17916\/revisions\/25243"}],"wp:featuredmedia":[{"embeddable":true,"href":"https:\/\/catolicanet.net\/wp-cnet\/wp-json\/wp\/v2\/media\/17915"}],"wp:attachment":[{"href":"https:\/\/catolicanet.net\/wp-cnet\/wp-json\/wp\/v2\/media?parent=17916"}],"wp:term":[{"taxonomy":"category","embeddable":true,"href":"https:\/\/catolicanet.net\/wp-cnet\/wp-json\/wp\/v2\/categories?post=17916"},{"taxonomy":"post_tag","embeddable":true,"href":"https:\/\/catolicanet.net\/wp-cnet\/wp-json\/wp\/v2\/tags?post=17916"}],"curies":[{"name":"wp","href":"https:\/\/api.w.org\/{rel}","templated":true}]}}