{"id":17914,"date":"2016-09-14T13:12:13","date_gmt":"2016-09-14T16:12:13","guid":{"rendered":"http:\/\/catolicanet.net\/wp-cnet\/2016\/09\/14\/africanigeria-a-imigracao-na-europa-nao-e-resposta-a-frustracao-dos-jovens-desempregados-diz-o-card-onaiyekan\/"},"modified":"2017-05-30T16:42:15","modified_gmt":"2017-05-30T19:42:15","slug":"africanigeria-a-imigracao-na-europa-nao-e-resposta-a-frustracao-dos-jovens-desempregados-diz-o-card-onaiyekan","status":"publish","type":"post","link":"https:\/\/catolicanet.net\/wp-cnet\/africanigeria-a-imigracao-na-europa-nao-e-resposta-a-frustracao-dos-jovens-desempregados-diz-o-card-onaiyekan\/","title":{"rendered":"\u00c1FRICA\/NIG\u00c9RIA &#8211; \u201cA imigra\u00e7\u00e3o na Europa n\u00e3o \u00e9 resposta \u00e0 frustra\u00e7\u00e3o dos jovens desempregados\u201d, diz o Card. Onaiyekan"},"content":{"rendered":"<p style=\"text-align: justify;\"><img decoding=\"async\" src=\"http:\/\/www.catolicanet.com.br\/images\/stories\/bispos\/primopiano_2413.jpg\" border=\"0\" align=\"left\" \/>Abuja (Ag\u00eancia Fides) \u2013 \u201cO tr\u00e1fico de seres humanos est\u00e1 destinado a aumentar o n\u00famero de pessoas frustradas que n\u00e3o est\u00e3o conseguindo sobreviver. Voc\u00eas sabem&#8230; terminar os estudos universit\u00e1rios e come\u00e7ar a vaguear pelas ruas tr\u00eas, quatro, cinco ou seis anos sem trabalho, at\u00e9 chegar aos 30, 31 anos sem algum futuro&#8230; \u00e9 muito dif\u00edcil ficar tranquilo\u201d afirmou o Card. John Olorunfemi Onaiyekan, Arcebispo de Abuja, falando na Confer\u00eancia sobre tr\u00e1fico de seres humanos organizada pela Caritas Internationalis e o Pontif\u00edcio Conselho da Pastoral para Migrantes e Itinerantes, realizada na capital federal a nigeriana (veja Fides 2\/9\/2016).<br \/>O Cardeal lan\u00e7a um apelo para que o governo tome provid\u00eancias urgentes para relan\u00e7ar a economia do pa\u00eds, a fim de criar empregos para os jovens. \u201cTalvez o governo esteja dizendo aos jovens para procurar outras possibilidades de viver, ir cultivar a terra, mas deve fazer mais para oferecer aos jovens a possibilidade de cultivar ou fazer outras coisas, e n\u00e3o se sentar e apodrecer, ficando frustrados\u201d.<br \/>\u201cMas a imigra\u00e7\u00e3o para um lugar desconhecido n\u00e3o \u00e9 a verdadeira resposta\u201d, sublinhou o Cardeal. \u201cAs pessoas dizem que ser\u00e1 sempre melhor em outro lugar. N\u00e3o \u00e9 verdade. A situa\u00e7\u00e3o que se encontra no exterior pode ser pior da que se enfrenta aqui&#8230; Pelo menos aqui n\u00e3o h\u00e1 inverno, pode-se sempre dormir em baixo de uma ponte. N\u00e3o se pode dormir em baixo de uma ponte l\u00e1. Morre-se de frio\u201d, concluiu o Cardeal.<\/p>\n<p style=\"text-align: justify;\">\u00a0<\/p>\n<p style=\"text-align: justify;\">Fonte: Ag\u00eancia Fides<\/p>\n","protected":false},"excerpt":{"rendered":"<p>Abuja (Ag\u00eancia Fides) \u2013 \u201cO tr\u00e1fico de seres humanos est\u00e1 destinado a aumentar o n\u00famero de pessoas frustradas que n\u00e3o est\u00e3o conseguindo sobreviver. Voc\u00eas sabem&#8230; terminar os estudos universit\u00e1rios e come\u00e7ar a vaguear pelas ruas tr\u00eas, quatro, cinco ou seis anos sem trabalho, at\u00e9 chegar aos 30, 31 anos sem algum futuro&#8230; \u00e9 muito dif\u00edcil [&hellip;]<\/p>\n","protected":false},"author":1,"featured_media":17913,"comment_status":"open","ping_status":"open","sticky":false,"template":"","format":"standard","meta":{"footnotes":""},"categories":[4],"tags":[],"class_list":["post-17914","post","type-post","status-publish","format-standard","has-post-thumbnail","hentry","category-cotidiano"],"_links":{"self":[{"href":"https:\/\/catolicanet.net\/wp-cnet\/wp-json\/wp\/v2\/posts\/17914","targetHints":{"allow":["GET"]}}],"collection":[{"href":"https:\/\/catolicanet.net\/wp-cnet\/wp-json\/wp\/v2\/posts"}],"about":[{"href":"https:\/\/catolicanet.net\/wp-cnet\/wp-json\/wp\/v2\/types\/post"}],"author":[{"embeddable":true,"href":"https:\/\/catolicanet.net\/wp-cnet\/wp-json\/wp\/v2\/users\/1"}],"replies":[{"embeddable":true,"href":"https:\/\/catolicanet.net\/wp-cnet\/wp-json\/wp\/v2\/comments?post=17914"}],"version-history":[{"count":1,"href":"https:\/\/catolicanet.net\/wp-cnet\/wp-json\/wp\/v2\/posts\/17914\/revisions"}],"predecessor-version":[{"id":25244,"href":"https:\/\/catolicanet.net\/wp-cnet\/wp-json\/wp\/v2\/posts\/17914\/revisions\/25244"}],"wp:featuredmedia":[{"embeddable":true,"href":"https:\/\/catolicanet.net\/wp-cnet\/wp-json\/wp\/v2\/media\/17913"}],"wp:attachment":[{"href":"https:\/\/catolicanet.net\/wp-cnet\/wp-json\/wp\/v2\/media?parent=17914"}],"wp:term":[{"taxonomy":"category","embeddable":true,"href":"https:\/\/catolicanet.net\/wp-cnet\/wp-json\/wp\/v2\/categories?post=17914"},{"taxonomy":"post_tag","embeddable":true,"href":"https:\/\/catolicanet.net\/wp-cnet\/wp-json\/wp\/v2\/tags?post=17914"}],"curies":[{"name":"wp","href":"https:\/\/api.w.org\/{rel}","templated":true}]}}