{"id":17894,"date":"2016-09-14T11:54:22","date_gmt":"2016-09-14T14:54:22","guid":{"rendered":"http:\/\/catolicanet.net\/wp-cnet\/2016\/09\/14\/audiencia-qjesus-nao-era-um-principe-estava-com-os-pobresq\/"},"modified":"2017-06-02T09:50:28","modified_gmt":"2017-06-02T12:50:28","slug":"audiencia-qjesus-nao-era-um-principe-estava-com-os-pobresq","status":"publish","type":"post","link":"https:\/\/catolicanet.net\/wp-cnet\/audiencia-qjesus-nao-era-um-principe-estava-com-os-pobresq\/","title":{"rendered":"Audi\u00eancia: &#8220;Jesus n\u00e3o era um pr\u00edncipe, estava com os pobres&#8221;"},"content":{"rendered":"<p style=\"text-align: justify;\"><img decoding=\"async\" src=\"http:\/\/www.catolicanet.com.br\/images\/stories\/papas\/afp5772508_articolo.jpg\" border=\"0\" align=\"left\" \/>Cidade do Vaticano (RV) \u2013 Quarta-feira de sol, temperatura amena e muita gente na Pra\u00e7a S\u00e3o Pedro para participar da audi\u00eancia geral do Papa Francisco. Prosseguindo o ciclo de catequeses centradas na Miseric\u00f3rdia, o Pont\u00edfice definiu a sua reflex\u00e3o, inspirada no Evangelho de Mateus, \u201ccomovedora\u201d.<\/p>\n<p style=\"text-align: justify;\">\u00a0<\/p>\n<p style=\"text-align: justify;\"><a href=\"http:\/\/media02.radiovaticana.va\/audio\/audio2\/mp3\/00548062.mp3\">Clique aqui para ouvir.<\/a><\/p>\n<p style=\"text-align: justify;\">\u00a0<\/p>\n<p style=\"text-align: justify;\">Ap\u00f3s a leitura da Palavra, em v\u00e1rias l\u00ednguas, o Papa quis explicar o significado das express\u00f5es do evangelista \u201cvinde a mim\u201d, \u201ctomai o meu jugo\u201d e \u201caprendei de mim\u201d.<\/p>\n<p>Vinde a mim<\/p>\n<p style=\"text-align: justify;\"><a href=\"https:\/\/www.youtube.com\/watch?v=MGDTBI-42Rg\">Clique aqui para assistir.<\/a><\/p>\n<p>No primeiro caso, Jesus se dirige aos cansados e oprimidos oferecendo-lhes a sua miseric\u00f3rdia. Neste convite, os pobres viram finalmente uma resposta \u00e0s suas expectativas. Eles n\u00e3o podiam contar com nenhuma amizade importante, mas tornando-se disc\u00edpulos de Jesus, recebem a promessa de encontrar consolo para toda a vida. \u201cUma promessa que na conclus\u00e3o do Evangelho \u00e9 estendida a todos os povos\u201d, disse o Papa.<\/p>\n<p>Os fi\u00e9is de todo o mundo que atravessam as Portas da Miseric\u00f3rdia em suas catedrais e santu\u00e1rios, em tantas igrejas e hospitais, fazem o mesmo: v\u00e3o encontrar Jesus, expressam a convers\u00e3o do disc\u00edpulo que se p\u00f5e no seguimento de Jesus, a descoberta da miseric\u00f3rdia do Senhor, infinita e inesgot\u00e1vel.<\/p>\n<p>Jugo \u00e9 um v\u00ednculo com o povo<\/p>\n<p>O segundo imperativo, \u201ctomai o meu jugo\u201d, Jesus quer que seus disc\u00edpulos entrem em comunh\u00e3o com Ele, se tornem part\u00edcipes do mist\u00e9rio de sua cruz e de seu destino de salva\u00e7\u00e3o. \u201c\u00c9 um v\u00ednculo que une o povo a Deus. O jugo que carregam os pobres e os oprimidos \u00e9 o mesmo que carregou Cristo antes deles; e por isso, \u00e9 um jugo leve\u201d, completou Francisco.<\/p>\n<p>Enfim, a exorta\u00e7\u00e3o \u201caprendei de mim\u201d feita aos humildes e pequenos, porque compreende os pobres e sofredores e Ele mesmo \u00e9 pobre e provado pelas dores, tendo carregado sobre suas costas os pecados da humanidade inteira. \u201cNele \u2013 explicou o Pont\u00edfice \u2013 a miseric\u00f3rdia de Deus assumiu a pobreza dos homens, doando a todos a possibilidade da salva\u00e7\u00e3o\u201d.<\/p>\n<p>Pastores &#8216;pr\u00edncipes&#8217; s\u00e3o um mal para a Igreja<\/p>\n<p>Improvisando, Francisco questionou: \u201cPor que Jesus \u00e9 capaz de dizer estas coisas? Porque Ele era um Pastor que estava em meio \u00e0s pessoas, aos pobres. Trabalhava todos os dias junto com eles. Ele n\u00e3o era um \u2018pr\u00edncipe\u2019. \u00c9 feio para a Igreja quando os Pastores se tornam distantes dos pobres e viram \u2018pr\u00edncipes\u2019. Estes pastores eram repreendidos por Jesus; este n\u00e3o \u00e9 o esp\u00edrito de Jesus. Ele dizia, sobre eles: \u201cFa\u00e7am o que dizem, mas n\u00e3o o que fazem!\u201d.<\/p>\n<p>Concluindo a catequese, o Papa consolou os fi\u00e9is: \u201cPara todos h\u00e1 momentos de cansa\u00e7o e de decep\u00e7\u00e3o\u201d; e recordou as palavras do Senhor que nos d\u00e3o tanta consola\u00e7\u00e3o e nos fazem entender se colocamos nossas for\u00e7as a servi\u00e7o do bem. Somos chamados a aprender Dele o que significa \u2018viver de miseric\u00f3rdia\u2019 e ser \u2018instrumentos de miseric\u00f3rdia\u2019.<\/p>\n<p>Encontramos conforto na Cruz do Senhor<\/p>\n<p>\u201cCoragem!, exclamou Francisco. N\u00e3o deixemos que nos tirem a alegria de ser disc\u00edpulos do Senhor. N\u00e3o deixemos que nos roubem a esperan\u00e7a de viver esta vida com Ele e com a for\u00e7a da sua consola\u00e7\u00e3o\u201d.<\/p>\n<p style=\"text-align: justify;\"><a href=\"https:\/\/www.youtube.com\/watch?v=IU_TMlA5eVA\">Clique aqui para assistir.<\/a><\/p>\n<p style=\"text-align: justify;\">\u00a0<\/p>\n<p style=\"text-align: justify;\">Fonte: R\u00e1dio Vaticano<\/p>\n","protected":false},"excerpt":{"rendered":"<p>Cidade do Vaticano (RV) \u2013 Quarta-feira de sol, temperatura amena e muita gente na Pra\u00e7a S\u00e3o Pedro para participar da audi\u00eancia geral do Papa Francisco. Prosseguindo o ciclo de catequeses centradas na Miseric\u00f3rdia, o Pont\u00edfice definiu a sua reflex\u00e3o, inspirada no Evangelho de Mateus, \u201ccomovedora\u201d. \u00a0 Clique aqui para ouvir. \u00a0 Ap\u00f3s a leitura da [&hellip;]<\/p>\n","protected":false},"author":1,"featured_media":17893,"comment_status":"open","ping_status":"open","sticky":false,"template":"","format":"standard","meta":{"footnotes":""},"categories":[3],"tags":[],"class_list":["post-17894","post","type-post","status-publish","format-standard","has-post-thumbnail","hentry","category-vaticano"],"_links":{"self":[{"href":"https:\/\/catolicanet.net\/wp-cnet\/wp-json\/wp\/v2\/posts\/17894","targetHints":{"allow":["GET"]}}],"collection":[{"href":"https:\/\/catolicanet.net\/wp-cnet\/wp-json\/wp\/v2\/posts"}],"about":[{"href":"https:\/\/catolicanet.net\/wp-cnet\/wp-json\/wp\/v2\/types\/post"}],"author":[{"embeddable":true,"href":"https:\/\/catolicanet.net\/wp-cnet\/wp-json\/wp\/v2\/users\/1"}],"replies":[{"embeddable":true,"href":"https:\/\/catolicanet.net\/wp-cnet\/wp-json\/wp\/v2\/comments?post=17894"}],"version-history":[{"count":1,"href":"https:\/\/catolicanet.net\/wp-cnet\/wp-json\/wp\/v2\/posts\/17894\/revisions"}],"predecessor-version":[{"id":27540,"href":"https:\/\/catolicanet.net\/wp-cnet\/wp-json\/wp\/v2\/posts\/17894\/revisions\/27540"}],"wp:featuredmedia":[{"embeddable":true,"href":"https:\/\/catolicanet.net\/wp-cnet\/wp-json\/wp\/v2\/media\/17893"}],"wp:attachment":[{"href":"https:\/\/catolicanet.net\/wp-cnet\/wp-json\/wp\/v2\/media?parent=17894"}],"wp:term":[{"taxonomy":"category","embeddable":true,"href":"https:\/\/catolicanet.net\/wp-cnet\/wp-json\/wp\/v2\/categories?post=17894"},{"taxonomy":"post_tag","embeddable":true,"href":"https:\/\/catolicanet.net\/wp-cnet\/wp-json\/wp\/v2\/tags?post=17894"}],"curies":[{"name":"wp","href":"https:\/\/api.w.org\/{rel}","templated":true}]}}