{"id":17875,"date":"2016-09-13T17:11:52","date_gmt":"2016-09-13T20:11:52","guid":{"rendered":"http:\/\/catolicanet.net\/wp-cnet\/2016\/09\/13\/as-drogas-e-a-morte-aos-19-anos-uma-carta-ao-meu-pai\/"},"modified":"2017-05-30T16:42:18","modified_gmt":"2017-05-30T19:42:18","slug":"as-drogas-e-a-morte-aos-19-anos-uma-carta-ao-meu-pai","status":"publish","type":"post","link":"https:\/\/catolicanet.net\/wp-cnet\/as-drogas-e-a-morte-aos-19-anos-uma-carta-ao-meu-pai\/","title":{"rendered":"As drogas e a morte aos 19 anos: uma carta ao meu pai"},"content":{"rendered":"<p style=\"text-align: justify;\"><img decoding=\"async\" src=\"http:\/\/www.catolicanet.com.br\/images\/stories\/noticias\/irtapmtlp.jpg\" border=\"0\" align=\"left\" \/>Sinto muito, meu pai, mas acho que este di\u00e1logo \u00e9 o \u00faltimo que tenho com o senhor<\/p>\n<p>Pai,<\/p>\n<p>Acho que neste mundo ningu\u00e9m chegou a descrever o seu pr\u00f3prio cemit\u00e9rio. N\u00e3o sei como o meu pai vai receb\u00ea-lo. Mas preciso de todas as minhas for\u00e7as enquanto \u00e9 tempo. Sinto muito, meu pai; acho que este di\u00e1logo \u00e9 o \u00faltimo que tenho com o senhor. Sinto muito mesmo.<\/p>\n<p>Sabe, pai\u2026 Est\u00e1 em tempo do senhor saber a verdade que nunca suspeitou. Vou ser breve e claro. A DROGA ME MATOU, pai.<\/p>\n<p>Conheci meus assassinos aos 15 para 16 anos de idade. Sabe como n\u00f3s conhecemos isto? Atrav\u00e9s de um cidad\u00e3o elegantemente vestido, bem elegante mesmo e bem falante, que nos apresentou o nosso futuro assassino.<\/p>\n<p>Eu tentei, tentei mesmo recusar, mas o cidad\u00e3o mexeu com o meu brio dizendo que eu n\u00e3o era homem. N\u00e3o preciso dizer mais nada, n\u00e3o \u00e9?<\/p>\n<p>No come\u00e7o foram as tonturas, depois o devaneio, depois a escurid\u00e3o. N\u00e3o fazia nada sem que a droga estivesse presente. Depois veio a falta de ar, medo, alucina\u00e7\u00f5es, depois euforia novamente. Eu sentia mais do que as outras pessoas, e a droga, minha amiga inesquec\u00edvel, sorria, sorria\u2026<\/p>\n<p>Sabe, pai, a gente, quando come\u00e7a, acha tudo rid\u00edculo e muito engra\u00e7ado. At\u00e9 Deus eu achava rid\u00edculo. Hoje, neste hospital, eu reconhe\u00e7o que Deus \u00e9 o Ser mais importante. Eu sei que, sem a ajuda dele, eu n\u00e3o estaria escrevendo o que estou.<\/p>\n<p>Pai, o senhor pode n\u00e3o acreditar, mas a vida de um dependente \u00e9 terr\u00edvel, a gente se sente dilacerado por dentro. \u00c9 terr\u00edvel e todo jovem deve saber disso para n\u00e3o entrar nessa. Eu n\u00e3o posso mais dar nem tr\u00eas passos sem me cansar. Os m\u00e9dicos dizem que eu vou ficar curado, mas, quando saem do quarto, balan\u00e7am a cabe\u00e7a.<\/p>\n<p>Pai\u2026 eu s\u00f3 tenho 19 anos e sei que n\u00e3o tenho a menor chance de viver. \u00c9 muito tarde para mim, mas, para o senhor, pai, tenho um \u00fanico pedido a fazer: diga a todos os jovens que o senhor conhece e mostre a eles esta carta, diga a eles que em cada porta de escola, em cada cursinho, em cada faculdade, em qualquer lugar, h\u00e1 sempre um homem bem vestido, bem falante, que vai mostrar para eles o seu futuro assassino, o destruidor da sua vida, que levar\u00e1 \u00e0 loucura e \u00e0 morte como aconteceu comigo. Por favor, fa\u00e7a isso, meu pai, antes que seja tarde demais para eles tamb\u00e9m. Me perdoe, meu pai\u2026 J\u00e1 sofri demais. Me perdoe por faz\u00ea-lo sofrer tamb\u00e9m com as minhas loucuras. Adeus, meu pai.<\/p>\n<p>* * *<\/p>\n<p>Mesmo que o seu filho esteja numa situa\u00e7\u00e3o como esta, n\u00e3o desista jamais. Ame-o com amor maior ainda, pois o amor \u00e9 mais forte que a pr\u00f3pria morte. Mais do que nunca o seu filho vai precisar de voc\u00ea como pai ou como m\u00e3e. Ajude-o a se tratar, acompanhe-o onde for preciso. Lute para salvar esta vida que voc\u00ea p\u00f4s no mundo. Ajude-o a se ajudar. E pe\u00e7a a ajuda de Deus para ele e para voc\u00ea.<\/p>\n<p>__________<\/p>\n<p>A partir do livro \u201cFam\u00edlia, Santu\u00e1rio da Vida\u201c, do Prof. Felipe Aquino<\/p>\n<p style=\"text-align: justify;\">\u00a0<\/p>\n<p style=\"text-align: justify;\">Fonte: Aleteia<\/p>\n","protected":false},"excerpt":{"rendered":"<p>Sinto muito, meu pai, mas acho que este di\u00e1logo \u00e9 o \u00faltimo que tenho com o senhor Pai, Acho que neste mundo ningu\u00e9m chegou a descrever o seu pr\u00f3prio cemit\u00e9rio. N\u00e3o sei como o meu pai vai receb\u00ea-lo. Mas preciso de todas as minhas for\u00e7as enquanto \u00e9 tempo. Sinto muito, meu pai; acho que este [&hellip;]<\/p>\n","protected":false},"author":1,"featured_media":17874,"comment_status":"open","ping_status":"open","sticky":false,"template":"","format":"standard","meta":{"footnotes":""},"categories":[4],"tags":[],"class_list":["post-17875","post","type-post","status-publish","format-standard","has-post-thumbnail","hentry","category-cotidiano"],"_links":{"self":[{"href":"https:\/\/catolicanet.net\/wp-cnet\/wp-json\/wp\/v2\/posts\/17875","targetHints":{"allow":["GET"]}}],"collection":[{"href":"https:\/\/catolicanet.net\/wp-cnet\/wp-json\/wp\/v2\/posts"}],"about":[{"href":"https:\/\/catolicanet.net\/wp-cnet\/wp-json\/wp\/v2\/types\/post"}],"author":[{"embeddable":true,"href":"https:\/\/catolicanet.net\/wp-cnet\/wp-json\/wp\/v2\/users\/1"}],"replies":[{"embeddable":true,"href":"https:\/\/catolicanet.net\/wp-cnet\/wp-json\/wp\/v2\/comments?post=17875"}],"version-history":[{"count":1,"href":"https:\/\/catolicanet.net\/wp-cnet\/wp-json\/wp\/v2\/posts\/17875\/revisions"}],"predecessor-version":[{"id":25256,"href":"https:\/\/catolicanet.net\/wp-cnet\/wp-json\/wp\/v2\/posts\/17875\/revisions\/25256"}],"wp:featuredmedia":[{"embeddable":true,"href":"https:\/\/catolicanet.net\/wp-cnet\/wp-json\/wp\/v2\/media\/17874"}],"wp:attachment":[{"href":"https:\/\/catolicanet.net\/wp-cnet\/wp-json\/wp\/v2\/media?parent=17875"}],"wp:term":[{"taxonomy":"category","embeddable":true,"href":"https:\/\/catolicanet.net\/wp-cnet\/wp-json\/wp\/v2\/categories?post=17875"},{"taxonomy":"post_tag","embeddable":true,"href":"https:\/\/catolicanet.net\/wp-cnet\/wp-json\/wp\/v2\/tags?post=17875"}],"curies":[{"name":"wp","href":"https:\/\/api.w.org\/{rel}","templated":true}]}}