{"id":17849,"date":"2016-09-13T12:01:44","date_gmt":"2016-09-13T15:01:44","guid":{"rendered":"http:\/\/catolicanet.net\/wp-cnet\/2016\/09\/13\/confira-o-programa-do-papa-e-da-rv-na-georgia-e-azerbaijao\/"},"modified":"2017-06-02T10:07:19","modified_gmt":"2017-06-02T13:07:19","slug":"confira-o-programa-do-papa-e-da-rv-na-georgia-e-azerbaijao","status":"publish","type":"post","link":"https:\/\/catolicanet.net\/wp-cnet\/confira-o-programa-do-papa-e-da-rv-na-georgia-e-azerbaijao\/","title":{"rendered":"Confira o programa do Papa e da RV na Ge\u00f3rgia e Azerbaij\u00e3o"},"content":{"rendered":"<p style=\"text-align: justify;\"><img decoding=\"async\" src=\"http:\/\/www.catolicanet.com.br\/images\/stories\/noticias\/rv4093_articolo.jpg\" border=\"0\" align=\"left\" \/>Cidade do Vaticano (RV) \u2013 Como \u00faltima etapa de sua visita \u00e0 regi\u00e3o do C\u00e1ucaso, que se iniciou na Arm\u00eania em junho passado, o Papa Francisco ir\u00e1 \u00e0 Ge\u00f3rgia e ao Azerbaij\u00e3o entre 30 de setembro e 02 de outubro.<\/p>\n<p style=\"text-align: justify;\">\u00a0<\/p>\n<p style=\"text-align: justify;\"><a href=\"http:\/\/media02.radiovaticana.va\/audio\/audio2\/mp3\/00547913.mp3\">Clique aqui para ouvir.<\/a><\/p>\n<p style=\"text-align: justify;\">\u00a0<\/p>\n<p style=\"text-align: justify;\">Na viagem, cujo tema \u00e9 <a href=\"http:\/\/br.radiovaticana.va\/news\/2016\/08\/19\/paz_ser%C3%A1_tema_central_da_viagem_do_papa_%C3%A0_ge%C3%B3rgia\/1252329\">&#8216;Pax Vobis&#8217;<\/a> e o objetivo anunciado &#8220;promover a esperan\u00e7a e a paz&#8221; nestes dois pa\u00edses, o Pont\u00edfice far\u00e1 seis discursos e duas homilias. A RV vai acompanhar a peregrina\u00e7\u00e3o do Papa transmitindo ao vivo os principais eventos.<\/p>\n<p>Primeira etapa, Ge\u00f3rgia<\/p>\n<p>Francisco partir\u00e1 do Aeroporto Internacional de Roma no dia 30, \u00e0s 9h (4h em Bras\u00edlia) e chegar\u00e1 ao Aeroporto Internacional de Tbilisi, na Ge\u00f3rgia, \u00e0s 15h (hor\u00e1rio local, 8h em Bras\u00edlia). Ap\u00f3s a cerim\u00f4nia de boas-vindas, o Pont\u00edfice visitar\u00e1 o Presidente do pa\u00eds, Giorgi Margvelashvili, as autoridades locais e o corpo diplom\u00e1tico no Pal\u00e1cio Presidencial. <\/p>\n<p>A RV come\u00e7a a suas transmiss\u00f5es \u00e0s 13h45 (8h45 em Bras\u00edlia), acompanhando tamb\u00e9m os encontros com o Patriarca da Igreja Ortodoxa da Ge\u00f3rgia, Ilya II, no Pal\u00e1cio do Patriarcado; e em seguida, com comunidade ass\u00edrio-caldeia na Igreja de S\u00e3o Sim\u00e3o Bar Sabba&#8217;e.<\/p>\n<p>No dia 1\u00ba, Francisco presidir\u00e1 uma missa \u00e0s 10h locais no est\u00e1dio Mikhail Meskhi (com transmiss\u00e3o a partir das 3h50, hor\u00e1rio em Bras\u00edlia). \u00c0s 15h50 locais, est\u00e1 programado o encontro com sacerdotes, religiosos, seminaristas e agentes da pastoral na Igreja Latina da Assun\u00e7\u00e3o. Nossa reda\u00e7\u00e3o transmite a partir das 8h50 (hor\u00e1rio em Bras\u00edlia).<\/p>\n<p>Visita aos doentes assistidos pelos Camilianos<\/p>\n<p>Neste mesmo dia, o Pont\u00edfice visitar\u00e1 as obras de caridade do Centro de Assist\u00eancia dos Camilianos e far\u00e1 uma visita \u00e0 Catedral Patriarcal de Svetitskoveli, em Tmskheta. Estes dois compromissos encerrar\u00e3o a agenda na Ge\u00f3rgia.<\/p>\n<p>Missa no Azerbaij\u00e3o <\/p>\n<p>No dia 2 de outubro, o Papa embarca no come\u00e7o da manh\u00e3 para Baku, capital do Azerbaij\u00e3o. Ap\u00f3s a chegada no Aeroporto Heydar Aliyev, presidir\u00e1 missa na Igreja da Imaculada, no Centro Salesiano de Baku, de onde rezar\u00e1 a ora\u00e7\u00e3o mariana do Angelus. A RV acompanha ao vivo, a partir das 3h15 (hor\u00e1rio em Bras\u00edlia).<\/p>\n<p>Francisco e sua comitiva almo\u00e7ar\u00e3o com a comunidade salesiana e depois o Papa visitar\u00e1 o Presidente do pa\u00eds, Ilham Aliyev, e as autoridades no Pal\u00e1cio Presidencial de Genclik. <\/p>\n<p>Na sequ\u00eancia, Francisco ir\u00e1 ao monumento aos mortos na independ\u00eancia.<\/p>\n<p>\u00c0s 9h50 (hor\u00e1rio em Bras\u00edlia), a RV iniciar\u00e1 a transmiss\u00e3o do discurso perante as autoridades locais no Centro Heydar Aliyev da capital azerbaijana.<\/p>\n<p>Mais tarde, o Papa ter\u00e1 uma conversa, a portas fechadas, com o xeque dos mu\u00e7ulmanos do C\u00e1ucaso na mesquita Heydar Aliyev,\u00a0 e com representantes das demais comunidades religiosas do pa\u00eds. Nesta ocasi\u00e3o, ele far\u00e1 o \u00faltimo discurso desta viagem, que transmitiremos a partir das 10h50 (hor\u00e1rio em Bras\u00edlia).<br \/>Est\u00e1 prevista a chegada a Roma por volta das 22h (hor\u00e1rio local, 17h em Bras\u00edlia).<\/p>\n<p>A Ge\u00f3rgia tem uma grande maioria crist\u00e3 ortodoxa, uma minoria de cat\u00f3licos e 10% de mu\u00e7ulmanos, que s\u00e3o, ao contr\u00e1rio, majorit\u00e1rios no Azerbaij\u00e3o.<\/p>\n<p>Todas as nossas transmiss\u00f5es, por conta da reda\u00e7\u00e3o brasileira da RV, podem ser seguidas tamb\u00e9m em nosso canal no <a href=\"https:\/\/www.youtube.com\/channel\/UCGYSq4b4DXmtK4jyq6r-FYg\">Youtube.<\/a><\/p>\n<p style=\"text-align: justify;\">\u00a0<\/p>\n<p style=\"text-align: justify;\">Fonte: R\u00e1dio Vaticano<\/p>\n","protected":false},"excerpt":{"rendered":"<p>Cidade do Vaticano (RV) \u2013 Como \u00faltima etapa de sua visita \u00e0 regi\u00e3o do C\u00e1ucaso, que se iniciou na Arm\u00eania em junho passado, o Papa Francisco ir\u00e1 \u00e0 Ge\u00f3rgia e ao Azerbaij\u00e3o entre 30 de setembro e 02 de outubro. \u00a0 Clique aqui para ouvir. \u00a0 Na viagem, cujo tema \u00e9 &#8216;Pax Vobis&#8217; e o [&hellip;]<\/p>\n","protected":false},"author":1,"featured_media":17848,"comment_status":"open","ping_status":"open","sticky":false,"template":"","format":"standard","meta":{"footnotes":""},"categories":[3],"tags":[],"class_list":["post-17849","post","type-post","status-publish","format-standard","has-post-thumbnail","hentry","category-vaticano"],"_links":{"self":[{"href":"https:\/\/catolicanet.net\/wp-cnet\/wp-json\/wp\/v2\/posts\/17849","targetHints":{"allow":["GET"]}}],"collection":[{"href":"https:\/\/catolicanet.net\/wp-cnet\/wp-json\/wp\/v2\/posts"}],"about":[{"href":"https:\/\/catolicanet.net\/wp-cnet\/wp-json\/wp\/v2\/types\/post"}],"author":[{"embeddable":true,"href":"https:\/\/catolicanet.net\/wp-cnet\/wp-json\/wp\/v2\/users\/1"}],"replies":[{"embeddable":true,"href":"https:\/\/catolicanet.net\/wp-cnet\/wp-json\/wp\/v2\/comments?post=17849"}],"version-history":[{"count":1,"href":"https:\/\/catolicanet.net\/wp-cnet\/wp-json\/wp\/v2\/posts\/17849\/revisions"}],"predecessor-version":[{"id":27546,"href":"https:\/\/catolicanet.net\/wp-cnet\/wp-json\/wp\/v2\/posts\/17849\/revisions\/27546"}],"wp:featuredmedia":[{"embeddable":true,"href":"https:\/\/catolicanet.net\/wp-cnet\/wp-json\/wp\/v2\/media\/17848"}],"wp:attachment":[{"href":"https:\/\/catolicanet.net\/wp-cnet\/wp-json\/wp\/v2\/media?parent=17849"}],"wp:term":[{"taxonomy":"category","embeddable":true,"href":"https:\/\/catolicanet.net\/wp-cnet\/wp-json\/wp\/v2\/categories?post=17849"},{"taxonomy":"post_tag","embeddable":true,"href":"https:\/\/catolicanet.net\/wp-cnet\/wp-json\/wp\/v2\/tags?post=17849"}],"curies":[{"name":"wp","href":"https:\/\/api.w.org\/{rel}","templated":true}]}}