{"id":17846,"date":"2016-09-13T11:45:52","date_gmt":"2016-09-13T14:45:52","guid":{"rendered":"http:\/\/catolicanet.net\/wp-cnet\/2016\/09\/13\/o-consumismo\/"},"modified":"2017-05-05T16:45:43","modified_gmt":"2017-05-05T19:45:43","slug":"o-consumismo","status":"publish","type":"post","link":"https:\/\/catolicanet.net\/wp-cnet\/o-consumismo\/","title":{"rendered":"O consumismo"},"content":{"rendered":"<p style=\"text-align: justify;\">Sem precisar de muita reflex\u00e3o pode-se deparar com uma sociedade marcada pelo mau uso das riquezas que ela tem. V\u00ea-se o esbanjamento como uma realidade insaci\u00e1vel, que tomou conta da vida de muita gente. O tom de tudo isso est\u00e1 na febre que as pessoas t\u00eam pelas compras que fazem, sem reais necessidades, provocadas pela insist\u00eancia das m\u00eddias canalizadas para esse fim.<br \/> A sociedade em todos os tempos foi desigual, tendo de um lado a concentra\u00e7\u00e3o de bens materiais, e de outro o cintur\u00e3o da pobreza, dos marginalizados e exclu\u00eddos. A quest\u00e3o n\u00e3o \u00e9 ser pobre, porque o Mestre j\u00e1 havia dito: \u201cOs pobres sempre tendes convosco\u201d (Mt 26,11). E que bom se todos fossem pobres, vivendo com dignidade! O problema s\u00e3o os empobrecidos pela cultura que mata.<br \/>O inaceit\u00e1vel \u00e9 a falta de justi\u00e7a e de miseric\u00f3rdia, afronta ao que Deus espera, como atitude, do cora\u00e7\u00e3o humano. O que se v\u00ea \u00e9 o rico cada vez mais rico e o pobre cada vez mais pobre. \u00c9 uma realidade que passa a ser amea\u00e7a para o ju\u00edzo do Criador. As consequ\u00eancias disso s\u00e3o desastrosas porque todos n\u00f3s temos que conviver com uma situa\u00e7\u00e3o de inseguran\u00e7a provocada pela viol\u00eancia.<br \/>Por traz de tudo est\u00e1 a desonestidade na administra\u00e7\u00e3o dos bens da cria\u00e7\u00e3o. Deparamos sempre com maus administradores, com autoridades inescrupulosas e com uma pr\u00e1tica de impunidade que causa situa\u00e7\u00f5es totalmente desumanas. Os esc\u00e2ndalos p\u00fablicos s\u00e3o gritantes e falam mais alto do que o bem praticado, que tem como assento, os princ\u00edpios da Palavra de Deus.<br \/>Pelos coment\u00e1rios que a m\u00eddia tem apresentado, as pr\u00e1ticas fraudulentas perpassam por todas as camadas da administra\u00e7\u00e3o das coisas p\u00fablicas. H\u00e1, quase sempre, uma pin\u00e7ada de esperteza e de favoritismo, que favorece o bem pr\u00f3prio, ou de grupo, ou de fam\u00edlia. S\u00e3o pr\u00e1ticas imorais que se identificam com os \u201cfilhos das trevas\u201d no dizer de Jesus, de espertos, mais do que os \u201cfilhos da luz\u201d (Lc 16,8).<br \/>O profeta Am\u00f3s n\u00e3o mede palavras para criticar aqueles que compram os pobres com dinheiro (cf. Am 8,4-7). \u00c9 temeroso ter duplicidade na administra\u00e7\u00e3o, querendo servir a Deus e ao dinheiro. \u00c9 poss\u00edvel realizar as duas coisas quando n\u00e3o domina a avareza, mas sim a generosidade, a capacidade de servir os mais necessitados. Os lucros n\u00e3o podem ser atos ego\u00edstas, mas capacidade para o bem.<\/p>\n","protected":false},"excerpt":{"rendered":"<p>Sem precisar de muita reflex\u00e3o pode-se deparar com uma sociedade marcada pelo mau uso das riquezas que ela tem. V\u00ea-se o esbanjamento como uma realidade insaci\u00e1vel, que tomou conta da vida de muita gente. O tom de tudo isso est\u00e1 na febre que as pessoas t\u00eam pelas compras que fazem, sem reais necessidades, provocadas pela [&hellip;]<\/p>\n","protected":false},"author":11,"featured_media":0,"comment_status":"open","ping_status":"open","sticky":false,"template":"","format":"standard","meta":{"footnotes":""},"categories":[9],"tags":[],"class_list":["post-17846","post","type-post","status-publish","format-standard","hentry","category-artigos"],"_links":{"self":[{"href":"https:\/\/catolicanet.net\/wp-cnet\/wp-json\/wp\/v2\/posts\/17846","targetHints":{"allow":["GET"]}}],"collection":[{"href":"https:\/\/catolicanet.net\/wp-cnet\/wp-json\/wp\/v2\/posts"}],"about":[{"href":"https:\/\/catolicanet.net\/wp-cnet\/wp-json\/wp\/v2\/types\/post"}],"author":[{"embeddable":true,"href":"https:\/\/catolicanet.net\/wp-cnet\/wp-json\/wp\/v2\/users\/11"}],"replies":[{"embeddable":true,"href":"https:\/\/catolicanet.net\/wp-cnet\/wp-json\/wp\/v2\/comments?post=17846"}],"version-history":[{"count":1,"href":"https:\/\/catolicanet.net\/wp-cnet\/wp-json\/wp\/v2\/posts\/17846\/revisions"}],"predecessor-version":[{"id":21319,"href":"https:\/\/catolicanet.net\/wp-cnet\/wp-json\/wp\/v2\/posts\/17846\/revisions\/21319"}],"wp:attachment":[{"href":"https:\/\/catolicanet.net\/wp-cnet\/wp-json\/wp\/v2\/media?parent=17846"}],"wp:term":[{"taxonomy":"category","embeddable":true,"href":"https:\/\/catolicanet.net\/wp-cnet\/wp-json\/wp\/v2\/categories?post=17846"},{"taxonomy":"post_tag","embeddable":true,"href":"https:\/\/catolicanet.net\/wp-cnet\/wp-json\/wp\/v2\/tags?post=17846"}],"curies":[{"name":"wp","href":"https:\/\/api.w.org\/{rel}","templated":true}]}}