{"id":17839,"date":"2016-09-12T18:44:26","date_gmt":"2016-09-12T21:44:26","guid":{"rendered":"http:\/\/catolicanet.net\/wp-cnet\/2016\/09\/12\/anec-realiza-assembleia-ordinaria-e-forum-de-mantenedoras-v\/"},"modified":"2017-05-31T08:50:46","modified_gmt":"2017-05-31T11:50:46","slug":"anec-realiza-assembleia-ordinaria-e-forum-de-mantenedoras-v","status":"publish","type":"post","link":"https:\/\/catolicanet.net\/wp-cnet\/anec-realiza-assembleia-ordinaria-e-forum-de-mantenedoras-v\/","title":{"rendered":"Anec realiza Assembleia Ordin\u00e1ria e F\u00f3rum de Mantenedoras v"},"content":{"rendered":"<p style=\"text-align: justify;\"><img decoding=\"async\" src=\"http:\/\/www.catolicanet.com.br\/images\/stories\/noticias\/anec-assembleia.png\" border=\"0\" align=\"left\" \/>Evento acontece neste m\u00eas de setembro, em Bras\u00edlia <\/p>\n<p>Com o objetivo proporcionar reflex\u00e3o quanto ao cen\u00e1rio atual das Organiza\u00e7\u00f5es Educacionais Cat\u00f3licas no pa\u00eds e apresentar a\u00e7\u00f5es e projetos, bem como, os parceiros junto \u00e0s entidades filiadas, a Associa\u00e7\u00e3o Nacional de Educa\u00e7\u00e3o Cat\u00f3lica do Brasil (Anec) realiza, nos dias 22 e 23 de setembro, a VIII Assembleia Geral Ordin\u00e1ria e IX F\u00f3rum Nacional de Mantenedoras da ANEC, no Centro de Conven\u00e7\u00f5es Israel Pinheiro, em Bras\u00edlia (DF).<\/p>\n<p>O F\u00f3rum de Mantenedoras ser\u00e1 realizado no primeiro dia de evento e ter\u00e1 como tema principal \u201cA Profissionaliza\u00e7\u00e3o da Gest\u00e3o e a Sustentabilidade Institucional\u201d. A programa\u00e7\u00e3o est\u00e1 composta por palestras, debates, reflex\u00f5es em grupos e apresenta\u00e7\u00f5es de resultados.<\/p>\n<p>A confer\u00eancia de abertura ter\u00e1 como tema: \u201cA Gest\u00e3o das Institui\u00e7\u00f5es Educacionais Cat\u00f3licas em Tempo de Crise\u201d, ministrada pelo especialista em Gest\u00e3o de Alta Performance, Jorge Ap\u00f3stolos Siarcos. <\/p>\n<p>Os participantes contar\u00e3o com a palestra do advogado, contador e especialista em controladoria, Adriano Magno Martins, que ir\u00e1 tratar sobre \u201cGest\u00e3o Financeira: Sustentabilidade Institucional\u201d. Outras tem\u00e1ticas ser\u00e3o abordadas no decorrer da programa\u00e7\u00e3o com a ajuda de especialistas nas respectivas \u00e1reas.<\/p>\n<p>As atividades da VIII Assembleia Geral Ordin\u00e1ria da Anec acontecem no segundo dia do evento. O membro do Conselho Superior da Anec e presidente do Conselho Nacional de Educa\u00e7\u00e3o (CNE), frei Gilberto Garcia, far\u00e1 a palestra que ir\u00e1 discutir o tema \u201cQue amanh\u00e3s podemos imaginar para a Educa\u00e7\u00e3o\u201d. Tamb\u00e9m ser\u00e1 discutido o \u201cNovo cen\u00e1rio pol\u00edtico do Certificado de Entidades Beneficentes de Assist\u00eancia Social (Cebas)\u201d pelo superior da Plataforma Centro-Oeste da Prov\u00edncia dos Jesu\u00edtas do Brasil, padre Ant\u00f4nio Tabosa, pelo diretor presidente da Anec, professor doutor Paulo Fossatti, e pelo diretor primeiro tesoureiro da Anec, padre Roberto Duarte Rosalino.<\/p>\n<p>A VIII Assembleia Geral Ordin\u00e1ria e o IX F\u00f3rum de Mantenedoras da ANEC s\u00e3o destinados a presidentes de mantenedoras, reitores, diretores de escolas cat\u00f3licas, provinciais, inspetores, ec\u00f4nomos, assessores e representantes das redes e grupos da educa\u00e7\u00e3o cat\u00f3lica do Brasil.<\/p>\n<p>Uma p\u00e1gina na internet est\u00e1 dispon\u00edvel para que os interessados em participar dos eventos se inscrevam. Tamb\u00e9m \u00e9 poss\u00edvel acessar a programa\u00e7\u00e3o e outras informa\u00e7\u00f5es no endere\u00e7o.<\/p>\n<p style=\"text-align: justify;\">Associa\u00e7\u00e3o Nacional de Educa\u00e7\u00e3o Cat\u00f3lica do Brasil<\/p>\n<p>A Anec \u00e9 uma associa\u00e7\u00e3o de car\u00e1ter educacional e cultural, que re\u00fane institui\u00e7\u00f5es mantenedoras de estabelecimentos confessionais cat\u00f3licos de educa\u00e7\u00e3o e ensino em todos os seus n\u00edveis, graus e modalidades, sediadas em todo o Brasil, promovendo a forma\u00e7\u00e3o integral da pessoa humana, segundo o evangelho e a doutrina social da igreja.<\/p>\n<p>Dentre as a\u00e7\u00f5es e estrat\u00e9gias da Anec, est\u00e1 a representa\u00e7\u00e3o pol\u00edtica e de defesa dos interesses das entidades associadas. O di\u00e1logo com o Estado, com o Parlamento Federal, buscando influenciar na produ\u00e7\u00e3o das leis e normas, como \u00e9 o caso do Plano Nacional de Educa\u00e7\u00e3o, a revis\u00e3o da Lei de Diretrizes e Bases, a mudan\u00e7a da Lei de Certifica\u00e7\u00e3o das Entidades Beneficentes. No executivo, o debate permanente sobre as regras e procedimentos da certifica\u00e7\u00e3o, o PROUNI e o FIES.<br \/>Com informa\u00e7\u00f5es da Anec<\/p>\n<p style=\"text-align: justify;\">\u00a0<\/p>\n<p style=\"text-align: justify;\">Fonte: CNBB<\/p>\n","protected":false},"excerpt":{"rendered":"<p>Evento acontece neste m\u00eas de setembro, em Bras\u00edlia Com o objetivo proporcionar reflex\u00e3o quanto ao cen\u00e1rio atual das Organiza\u00e7\u00f5es Educacionais Cat\u00f3licas no pa\u00eds e apresentar a\u00e7\u00f5es e projetos, bem como, os parceiros junto \u00e0s entidades filiadas, a Associa\u00e7\u00e3o Nacional de Educa\u00e7\u00e3o Cat\u00f3lica do Brasil (Anec) realiza, nos dias 22 e 23 de setembro, a VIII [&hellip;]<\/p>\n","protected":false},"author":1,"featured_media":17838,"comment_status":"open","ping_status":"open","sticky":false,"template":"","format":"standard","meta":{"footnotes":""},"categories":[4],"tags":[],"class_list":["post-17839","post","type-post","status-publish","format-standard","has-post-thumbnail","hentry","category-cotidiano"],"_links":{"self":[{"href":"https:\/\/catolicanet.net\/wp-cnet\/wp-json\/wp\/v2\/posts\/17839","targetHints":{"allow":["GET"]}}],"collection":[{"href":"https:\/\/catolicanet.net\/wp-cnet\/wp-json\/wp\/v2\/posts"}],"about":[{"href":"https:\/\/catolicanet.net\/wp-cnet\/wp-json\/wp\/v2\/types\/post"}],"author":[{"embeddable":true,"href":"https:\/\/catolicanet.net\/wp-cnet\/wp-json\/wp\/v2\/users\/1"}],"replies":[{"embeddable":true,"href":"https:\/\/catolicanet.net\/wp-cnet\/wp-json\/wp\/v2\/comments?post=17839"}],"version-history":[{"count":1,"href":"https:\/\/catolicanet.net\/wp-cnet\/wp-json\/wp\/v2\/posts\/17839\/revisions"}],"predecessor-version":[{"id":25262,"href":"https:\/\/catolicanet.net\/wp-cnet\/wp-json\/wp\/v2\/posts\/17839\/revisions\/25262"}],"wp:featuredmedia":[{"embeddable":true,"href":"https:\/\/catolicanet.net\/wp-cnet\/wp-json\/wp\/v2\/media\/17838"}],"wp:attachment":[{"href":"https:\/\/catolicanet.net\/wp-cnet\/wp-json\/wp\/v2\/media?parent=17839"}],"wp:term":[{"taxonomy":"category","embeddable":true,"href":"https:\/\/catolicanet.net\/wp-cnet\/wp-json\/wp\/v2\/categories?post=17839"},{"taxonomy":"post_tag","embeddable":true,"href":"https:\/\/catolicanet.net\/wp-cnet\/wp-json\/wp\/v2\/tags?post=17839"}],"curies":[{"name":"wp","href":"https:\/\/api.w.org\/{rel}","templated":true}]}}