{"id":17821,"date":"2016-09-12T17:18:52","date_gmt":"2016-09-12T20:18:52","guid":{"rendered":"http:\/\/catolicanet.net\/wp-cnet\/2016\/09\/12\/o-apreco-do-papa-pelo-documento-dos-bispos-argentinos-sobre-a-amoris-laetitia\/"},"modified":"2017-06-02T11:27:03","modified_gmt":"2017-06-02T14:27:03","slug":"o-apreco-do-papa-pelo-documento-dos-bispos-argentinos-sobre-a-amoris-laetitia","status":"publish","type":"post","link":"https:\/\/catolicanet.net\/wp-cnet\/o-apreco-do-papa-pelo-documento-dos-bispos-argentinos-sobre-a-amoris-laetitia\/","title":{"rendered":"O apre\u00e7o do Papa pelo documento dos bispos argentinos sobre a &#8216;Amoris laetitia&#8217;"},"content":{"rendered":"<p style=\"text-align: justify;\"><img decoding=\"async\" src=\"http:\/\/www.catolicanet.com.br\/images\/stories\/papas\/afp5729673_articolo.jpg\" border=\"0\" align=\"left\" \/>Cidade do Vaticano (RV) \u2013 \u00c9 a caridade pastoral que impele a \u201csair para encontrar os afastados e, uma vez encontrados, a iniciar um caminho de acolhida, acompanhamento, discernimento e integra\u00e7\u00e3o na comunidade eclesial\u201d. Esta \u00e9 a premissa b\u00e1sica em torno da qual gira o conte\u00fado\u00a0 da carta enviada pelo Papa Francisco aos bispos da regi\u00e3o pastoral de Buenos Aires, em resposta ao documento \u201cCrit\u00e9rios fundamentais para a aplica\u00e7\u00e3o do Cap\u00edtulo VIII da Amoris laetitia\u201d, reporta o L\u2019Osservatore Romano.<\/p>\n<p>Exprimindo seu apre\u00e7o pelo texto elaborado pelos prelados, o Pont\u00edfice sublinhou na mensagem enviada a Dom Sergio Alfredo Fenoy,\u00a0 como este manifesta na sua plenitude o sentido do Cap\u00edtulo VIII da Exorta\u00e7\u00e3o Apost\u00f3lica \u2013 o que trata de \u201cacompanhar, discernir e integrar a fragilidade\u201d \u2013 esclarecendo que \u201cn\u00e3o existem outras interpreta\u00e7\u00f5es\u201d. O documento dos bispos \u2013 assegurou o Pont\u00edfice \u2013 \u201cfar\u00e1 muito bem\u201d, sobretudo para aquela \u201ccaridade pastoral\u201d que o permeia inteiramente.<\/p>\n<p>Sacerdote, o pr\u00f3ximo \u201cmais pr\u00f3ximo\u201d do bispo<\/p>\n<p>O texto elaborado pelos pastores da Igreja argentina \u00e9 \u201cum verdadeiro exemplo de acompanhamento aos sacerdotes\u201d \u2013 avaliou o Santo Padre \u2013 reiterando o quanto \u00e9 necess\u00e1ria a proximidade \u201cdo bispo com o seu clero e do clero com o bispo\u201d. De fato \u2013 escreveu \u2013 o \u201cpr\u00f3ximo \u2018mais pr\u00f3ximo\u2019 do bispo \u00e9 o sacerdote e o mandamento de amar o pr\u00f3ximo como a si mesmo come\u00e7a por n\u00f3s bispos, precisamente com os nossos padres\u201d.<\/p>\n<p>Naturalmente, a caridade pastoral entendida como tens\u00e3o cont\u00ednua na busca dos afastados \u00e9 cansativa. Trata-se de uma pastoral \u201ccorpo a corpo\u201d que n\u00e3o pode reduzir-se a \u201cmedia\u00e7\u00f5es program\u00e1ticas, organizativas ou legais, mesmo que necess\u00e1rias\u201d.<\/p>\n<p>Discernimento<\/p>\n<p>Das quatro \u201catitudes pastorais\u201d indicadas \u2013 acolher, acompanhar, discernir e integrar \u2013 a menos praticada \u00e9 o discernimento.<\/p>\n<p>\u201cConsidero urgente \u2013 afirmou Francisco \u2013 a forma\u00e7\u00e3o no discernimento, pessoal e comunit\u00e1rio, nos nossos semin\u00e1rios e presbit\u00e9rios\u201d.<\/p>\n<p>Por fim, o Papa recordou que a Amoris Laetitia foi \u201co fruto do trabalho e da ora\u00e7\u00e3o de toda a Igreja, com a media\u00e7\u00e3o de dois S\u00ednodos e do Papa\u201d.<\/p>\n<p>Neste sentido, recomendou uma catequese completa sobre a Exorta\u00e7\u00e3o, que \u201ccertamente ajudar\u00e1 o crescimento, a consolida\u00e7\u00e3o e a santidade da fam\u00edlia\u201d.<\/p>\n<p>O documento dos bispos<\/p>\n<p>O documento dos bispos argentinos recorda que n\u00e3o \u201cconv\u00e9m falar de \u201cpermiss\u00e3o\u201d para ter acesso aos Sacramentos, mas de um processo de discernimento acompanhado por um pastor\u201d. Este processo deve ser \u201cpessoal e pastoral\u201d. O acompanhamento \u00e9, de fato, um exerc\u00edcio da via caritatis, um convite a seguir o caminho de Jesus.<\/p>\n<p>Caridade pastoral<\/p>\n<p>Trata-se de um itiner\u00e1rio \u2013 escrevem os bispos \u2013 que requer a caridade pastoral do sacerdote, o qual \u201cacolhe o penitente, o escuta atentamente e mostra a ele o rosto materno da Igreja, enquanto aceita a sua reta inten\u00e7\u00e3o e o seu bom prop\u00f3sito de colocar toda a vida \u00e0 luz do Evangelho e de praticar a caridade\u201d.<\/p>\n<p>Este caminho \u2013 advertem os prelados \u2013 n\u00e3o termina necessariamente nos Sacramentos, mas pode orientar-se em outras formas de maior integra\u00e7\u00e3o na vida da Igreja: uma maior presen\u00e7a na comunidade, a participa\u00e7\u00e3o em grupos de ora\u00e7\u00e3o ou reflex\u00e3o, o compromisso em diversos servi\u00e7os eclesiais.<\/p>\n<p>\u201cQuando as circunst\u00e2ncias concretas de um casal\u00a0 o tornam fact\u00edvel, especialmente quando ambos s\u00e3o crist\u00e3os com um caminho de f\u00e9 \u2013 l\u00ea-se no documento \u2013 pode-se propor o compromisso de viver em contin\u00eancia\u201d.<\/p>\n<p>A Amoris laetitia \u201cn\u00e3o ignora as dificuldades desta op\u00e7\u00e3o e deixa aberta a possibilidade de ter acesso ao Sacramento da Reconcilia\u00e7\u00e3o quando se falta a este prop\u00f3sito\u201d.<\/p>\n<p>Em outras circunst\u00e2ncias mais complexas, e quando n\u00e3o se pode \u201cobter uma declara\u00e7\u00e3o de nulidade \u2013 sublinha o texto \u2013 a op\u00e7\u00e3o mencionada pode n\u00e3o ser de fato pratic\u00e1vel\u201d \u00c9 poss\u00edvel, todavia, realizar igualmente \u201cum caminho de discernimento\u201d.<\/p>\n<p>Amadurecer e crescem com a for\u00e7a da gra\u00e7a<\/p>\n<p>E \u201cse se chega a reconhecer que, em um caso concreto, existem limita\u00e7\u00f5es que atenuam a responsabilidade e a culpabilidade, particularmente quando uma pessoa considera que cairia em uma ulterior falta, provocando dano aos filhos da nova uni\u00e3o, Amoris laetitia abre a possibilidade do acesso aos Sacramentos da Reconcilia\u00e7\u00e3o e da Eucaristia\u201d. Isto, por sua vez, disp\u00f5e a pessoa a continuar a amadurecer e a crescer com a for\u00e7a da gra\u00e7a.<\/p>\n<p>Distinguir cada caso<\/p>\n<p>O documento sublinha como \u00e9 necess\u00e1rio evitar de pretender esta possibilidade como um \u201cacesso ilimitado aos Sacramentos, ou como se qualquer situa\u00e7\u00e3o o justificasse\u201d. O que se prop\u00f5e, \u00e9 antes, um discernimento que \u201cdistinga adequadamente cada caso\u201d.<\/p>\n<p>Especial aten\u00e7\u00e3o requerem algumas situa\u00e7\u00f5es, como a de uma nova uni\u00e3o que vem de um recente div\u00f3rcio, ou daquela de quem mais vezes n\u00e3o correspondeu aos compromissos familiares, ou ainda de quem faz \u201cuma esp\u00e9cie de apologia ou de ostenta\u00e7\u00e3o da pr\u00f3pria situa\u00e7\u00e3o, como se fosse parte do ideal crist\u00e3o\u201d.<\/p>\n<p>Com paci\u00eancia, buscar caminho da integra\u00e7\u00e3o<\/p>\n<p>Nestes casos mais dif\u00edceis, os sacerdotes devem acompanhar com paci\u00eancia, procurando qualquer caminho de integra\u00e7\u00e3o. \u00c9 importante \u2013 l\u00ea-se no texto \u2013 \u201corientar as pessoas a colocarem-se\u00a0 com a pr\u00f3pria consci\u00eancia diante de Deus, e por isto \u00e9 \u00fatil o exame de consci\u00eancia\u201d, que prop\u00f5e a Exorta\u00e7\u00e3o Apost\u00f3lica , especialmente naquilo que faz refer\u00eancia ao comportamento em rela\u00e7\u00e3o aos filhos ou pelo c\u00f4njuge abandonado. Em cada caso, quando existem \u201cinjusti\u00e7as n\u00e3o resolvidas, o acesso aos Sacramentos \u00e9 particularmente escandaloso\u201d.<\/p>\n<p>Por isto o documento afirma que \u201cpode ser conveniente que um eventual acesso aos Sacramentos se realize de maneira reservada, sobretudo quando se preveem situa\u00e7\u00f5es de conflito\u201d.<\/p>\n<p>Comunidade: crescer no esp\u00edrito de compreens\u00e3o<\/p>\n<p>Ao mesmo tempo, por\u00e9m, n\u00e3o se deve se omitir de acompanhar a comunidade para que \u201ccres\u00e7a em um esp\u00edrito de compreens\u00e3o e de acolhida, sem que isto implique criar confus\u00f5es no ensinamento da Igreja em rela\u00e7\u00e3o ao matrim\u00f4nio indissol\u00favel\u201d.<\/p>\n<p>A este prop\u00f3sito, os prelados recordam que \u201ca comunidade \u00e9 instrumento da miseric\u00f3rdia que \u00e9 imerecida, incondicionada e gratuita\u201d. Sobretudo, reiteram que o discernimento \u201cn\u00e3o se fecha, porque \u00e9 din\u00e2mico e deve permanecer sempre aberto a novas etapas de crescimento e a novas decis\u00f5es que permitam de realizar o ideal em maneira plena\u201d.<\/p>\n<p style=\"text-align: justify;\">\u00a0<\/p>\n<p style=\"text-align: justify;\">Fonte: R\u00e1dio Vaticano<\/p>\n","protected":false},"excerpt":{"rendered":"<p>Cidade do Vaticano (RV) \u2013 \u00c9 a caridade pastoral que impele a \u201csair para encontrar os afastados e, uma vez encontrados, a iniciar um caminho de acolhida, acompanhamento, discernimento e integra\u00e7\u00e3o na comunidade eclesial\u201d. Esta \u00e9 a premissa b\u00e1sica em torno da qual gira o conte\u00fado\u00a0 da carta enviada pelo Papa Francisco aos bispos da [&hellip;]<\/p>\n","protected":false},"author":1,"featured_media":17820,"comment_status":"open","ping_status":"open","sticky":false,"template":"","format":"standard","meta":{"footnotes":""},"categories":[3],"tags":[],"class_list":["post-17821","post","type-post","status-publish","format-standard","has-post-thumbnail","hentry","category-vaticano"],"_links":{"self":[{"href":"https:\/\/catolicanet.net\/wp-cnet\/wp-json\/wp\/v2\/posts\/17821","targetHints":{"allow":["GET"]}}],"collection":[{"href":"https:\/\/catolicanet.net\/wp-cnet\/wp-json\/wp\/v2\/posts"}],"about":[{"href":"https:\/\/catolicanet.net\/wp-cnet\/wp-json\/wp\/v2\/types\/post"}],"author":[{"embeddable":true,"href":"https:\/\/catolicanet.net\/wp-cnet\/wp-json\/wp\/v2\/users\/1"}],"replies":[{"embeddable":true,"href":"https:\/\/catolicanet.net\/wp-cnet\/wp-json\/wp\/v2\/comments?post=17821"}],"version-history":[{"count":1,"href":"https:\/\/catolicanet.net\/wp-cnet\/wp-json\/wp\/v2\/posts\/17821\/revisions"}],"predecessor-version":[{"id":27550,"href":"https:\/\/catolicanet.net\/wp-cnet\/wp-json\/wp\/v2\/posts\/17821\/revisions\/27550"}],"wp:featuredmedia":[{"embeddable":true,"href":"https:\/\/catolicanet.net\/wp-cnet\/wp-json\/wp\/v2\/media\/17820"}],"wp:attachment":[{"href":"https:\/\/catolicanet.net\/wp-cnet\/wp-json\/wp\/v2\/media?parent=17821"}],"wp:term":[{"taxonomy":"category","embeddable":true,"href":"https:\/\/catolicanet.net\/wp-cnet\/wp-json\/wp\/v2\/categories?post=17821"},{"taxonomy":"post_tag","embeddable":true,"href":"https:\/\/catolicanet.net\/wp-cnet\/wp-json\/wp\/v2\/tags?post=17821"}],"curies":[{"name":"wp","href":"https:\/\/api.w.org\/{rel}","templated":true}]}}