{"id":17813,"date":"2016-09-12T14:50:09","date_gmt":"2016-09-12T17:50:09","guid":{"rendered":"http:\/\/catolicanet.net\/wp-cnet\/2016\/09\/12\/espanha-organizacao-resgata-mais-de-2200-bebes-das-garras-do-aborto\/"},"modified":"2017-05-29T15:54:43","modified_gmt":"2017-05-29T18:54:43","slug":"espanha-organizacao-resgata-mais-de-2200-bebes-das-garras-do-aborto","status":"publish","type":"post","link":"https:\/\/catolicanet.net\/wp-cnet\/espanha-organizacao-resgata-mais-de-2200-bebes-das-garras-do-aborto\/","title":{"rendered":"Espanha: Organiza\u00e7\u00e3o resgata mais de 2.200 beb\u00eas das garras do aborto"},"content":{"rendered":"<p style=\"text-align: justify;\"><img decoding=\"async\" src=\"http:\/\/www.catolicanet.com.br\/images\/stories\/noticias\/emba-.jpg\" border=\"0\" align=\"left\" \/>MADRI, (ACI).- Nos cinco anos de exist\u00eancia, a Escola de resgatadores Jo\u00e3o Paulo II salvou mais de 2.200 beb\u00eas das garras do aborto na Espanha, asseguram seus volunt\u00e1rios. A maioria destes resgates ocorreram nas portas das cl\u00ednicas abortistas, enquanto outros se deram atrav\u00e9s de sua linha telef\u00f4nica de ajuda a mulheres em risco.<\/p>\n<p>Grande parte do \u00eaxito de seus resgates, explicam os integrantes da organiza\u00e7\u00e3o \u00e0 Actuall, \u00e9 devido \u00e0 caminhonete equipada com equipamento de ultrassonografia que estacionam do lado de fora das cl\u00ednicas de aborto. Para as m\u00e3es, \u00e9 muito dif\u00edcil seguir considerando o aborto depois de ver seu beb\u00ea atrav\u00e9s do ultrassom.<\/p>\n<p>Por outra parte, existe uma linha telef\u00f4nica que funciona 24 horas por dia, para ajudar as mulheres que pensam em praticar um aborto.<\/p>\n<p>Recentemente, no lado de fora da cl\u00ednica D\u00e1tor, em Madri, salvaram o terceiro filho de Luc\u00eda (pseud\u00f4nimo), depois que o m\u00e9dico recomendou abort\u00e1-lo durante o segundo m\u00eas de gesta\u00e7\u00e3o.<\/p>\n<p>Luc\u00eda havia concordado com o seu m\u00e9dico e chegou na cl\u00ednica de abortos. Ao entrar no edif\u00edcio \u201cescutei os volunt\u00e1rios da associa\u00e7\u00e3o, assim outro dia me dirigi at\u00e9 eles\u201d.<\/p>\n<p>Luc\u00eda estava passando por um momento dif\u00edcil. Seu namorado era imigrante e, devido \u00e0 falta de documentos, n\u00e3o podia trabalhar. A organiza\u00e7\u00e3o de resgatadores atualmente a ajuda com comida, ber\u00e7o, carrinho, roupa, brinquedos, entre outros recursos necess\u00e1rios.<\/p>\n<p>\u201cO aborto \u00e9 gr\u00e1tis nos primeiros quatro meses sem declarar nada, apenas porque algu\u00e9m quer abortar\u201d, explicou Luc\u00eda e assinalou que ficou surpresa quando seu m\u00e9dico lhe disse \u201cque praticasse o aborto. \u00c9 o seu filho que est\u00e1 dentro de voc\u00ea e n\u00e3o tem culpa de nada\u201d.<\/p>\n<p>\u201cHoje, diria \u00e0s mulheres que est\u00e3o passando pela mesma situa\u00e7\u00e3o que eu que pensem bem, porque o aborto fica gravado para a vida toda\u201d, expressou.<\/p>\n<p>O trabalho que esta organiza\u00e7\u00e3o realiza n\u00e3o \u00e9 f\u00e1cil. Recentemente, ao permanecer em frente \u00e0 cl\u00ednica de abortos Isadora, tamb\u00e9m em Madri, receberam insultos e agress\u00f5es da equipe.<\/p>\n<p>\u201cFora daqui, voc\u00eas roubam crian\u00e7as como as religiosas\u201d, disse-lhes um homem que estava dentro do edif\u00edcio, assegurando que \u201cn\u00e3o poderiam permanecer nesta cal\u00e7ada, pois \u00e9 da cl\u00ednica, saiam daqui\u201d.<\/p>\n<p>Mais tarde, de uma janela do edif\u00edcio, lan\u00e7aram um l\u00edquido amarelo e marrom em cima deles, uma mistura de sangue e placenta.<\/p>\n<p>Marta Velarde, presidente da Escola de resgatadores, disse \u00e0 Actuall que \u201cdepois lhes jogaram pedras e uma caiu muito perto de um volunt\u00e1rio\u201d.<\/p>\n<p>Este tipo de agress\u00e3o se tornou algo habitual para os 900 volunt\u00e1rios da organiza\u00e7\u00e3o, que no passado enfrentaram liga\u00e7\u00f5es \u00e0 pol\u00edcia, insultos e inclusive furaram algumas vezes o pneu do carro deles.<\/p>\n<p>Apesar de tudo isto e da legisla\u00e7\u00e3o a favor do aborto na Espanha, o trabalho dos resgatadores continua sendo realizado com esperan\u00e7a, confiando que milhares de \u201cLuc\u00edas\u201d no pa\u00eds repensar\u00e3o e recha\u00e7ar\u00e3o o aborto.<\/p>\n<p style=\"text-align: justify;\">\u00a0<\/p>\n<p style=\"text-align: justify;\">Fonte: Acidigital<\/p>\n","protected":false},"excerpt":{"rendered":"<p>MADRI, (ACI).- Nos cinco anos de exist\u00eancia, a Escola de resgatadores Jo\u00e3o Paulo II salvou mais de 2.200 beb\u00eas das garras do aborto na Espanha, asseguram seus volunt\u00e1rios. A maioria destes resgates ocorreram nas portas das cl\u00ednicas abortistas, enquanto outros se deram atrav\u00e9s de sua linha telef\u00f4nica de ajuda a mulheres em risco. Grande parte [&hellip;]<\/p>\n","protected":false},"author":1,"featured_media":17812,"comment_status":"open","ping_status":"open","sticky":false,"template":"","format":"standard","meta":{"footnotes":""},"categories":[4],"tags":[],"class_list":["post-17813","post","type-post","status-publish","format-standard","has-post-thumbnail","hentry","category-cotidiano"],"_links":{"self":[{"href":"https:\/\/catolicanet.net\/wp-cnet\/wp-json\/wp\/v2\/posts\/17813","targetHints":{"allow":["GET"]}}],"collection":[{"href":"https:\/\/catolicanet.net\/wp-cnet\/wp-json\/wp\/v2\/posts"}],"about":[{"href":"https:\/\/catolicanet.net\/wp-cnet\/wp-json\/wp\/v2\/types\/post"}],"author":[{"embeddable":true,"href":"https:\/\/catolicanet.net\/wp-cnet\/wp-json\/wp\/v2\/users\/1"}],"replies":[{"embeddable":true,"href":"https:\/\/catolicanet.net\/wp-cnet\/wp-json\/wp\/v2\/comments?post=17813"}],"version-history":[{"count":1,"href":"https:\/\/catolicanet.net\/wp-cnet\/wp-json\/wp\/v2\/posts\/17813\/revisions"}],"predecessor-version":[{"id":24204,"href":"https:\/\/catolicanet.net\/wp-cnet\/wp-json\/wp\/v2\/posts\/17813\/revisions\/24204"}],"wp:featuredmedia":[{"embeddable":true,"href":"https:\/\/catolicanet.net\/wp-cnet\/wp-json\/wp\/v2\/media\/17812"}],"wp:attachment":[{"href":"https:\/\/catolicanet.net\/wp-cnet\/wp-json\/wp\/v2\/media?parent=17813"}],"wp:term":[{"taxonomy":"category","embeddable":true,"href":"https:\/\/catolicanet.net\/wp-cnet\/wp-json\/wp\/v2\/categories?post=17813"},{"taxonomy":"post_tag","embeddable":true,"href":"https:\/\/catolicanet.net\/wp-cnet\/wp-json\/wp\/v2\/tags?post=17813"}],"curies":[{"name":"wp","href":"https:\/\/api.w.org\/{rel}","templated":true}]}}