{"id":17807,"date":"2016-09-12T14:11:59","date_gmt":"2016-09-12T17:11:59","guid":{"rendered":"http:\/\/catolicanet.net\/wp-cnet\/2016\/09\/12\/completa-se-20-anos-da-beatificacao-de-santiago-gapp-martir-decapitado-por-nazistas\/"},"modified":"2017-05-31T08:50:50","modified_gmt":"2017-05-31T11:50:50","slug":"completa-se-20-anos-da-beatificacao-de-santiago-gapp-martir-decapitado-por-nazistas","status":"publish","type":"post","link":"https:\/\/catolicanet.net\/wp-cnet\/completa-se-20-anos-da-beatificacao-de-santiago-gapp-martir-decapitado-por-nazistas\/","title":{"rendered":"Completa-se 20 anos da beatifica\u00e7\u00e3o de Santiago Gapp, m\u00e1rtir decapitado por nazistas"},"content":{"rendered":"<p style=\"text-align: justify;\"><img decoding=\"async\" src=\"http:\/\/www.catolicanet.com.br\/images\/stories\/noticias\/hitler_santiagogapp_090916.jpg\" border=\"0\" align=\"left\" \/>MADRI, (ACI\/Actuall).- A Igreja comemora hoje a festividade lit\u00fargica do beato Santiago Gapp, sacerdote austr\u00edaco da Companhia de Maria, decapitado em Berlim, em 1943, depois de ser localizado pela Gestapo em Val\u00eancia, na Espanha, para onde tinha fugido perseguido pelo regime nazista. Al\u00e9m disso, este ano completa 20 anos que foi beatificado pelo Papa S\u00e3o Jo\u00e3o Paulo II em 1996.<\/p>\n<p>Os religiosos marianistas celebram missas em sua homenagem nas suas comunidades, entre elas no col\u00e9gio do Pilar, em Val\u00eancia, onde foi acolhido e deu aula e onde ele foi apresentado a todos os alunos de 2\u00ba grau, \u201ctanto nas aulas de Hist\u00f3ria como nos exerc\u00edcios espirituais, como modelo de f\u00e9\u201d, conforme indicou \u00e0 ag\u00eancia AVAN o sacerdote marianista Jos\u00e9 Maria Salaverri, da comunidade do col\u00e9gio do Pilar.<\/p>\n<p>Gapp chegou em Val\u00eancia em 1941 e atuou como capel\u00e3o no Col\u00e9gio do Pilar onde deu aulas de alem\u00e3o e latim, acrescentou Salaverri, autor da biografia \u201cSantiago Gapp, paix\u00e3o pela verdade frente ao nazismo\u201d.<\/p>\n<p>Jakob Gapp (ou Santiago Gapp) nasceu em Wattens (\u00c1ustria) em 1897 e, depois de combater na Primeira Guerra Mundial no ex\u00e9rcito austr\u00edaco, entrou na Companhia de Maria e foi ordenado sacerdote. Fugiu de seu pa\u00eds perseguido pela Gestapo em 1939 \u201cpor suas incisivas cr\u00edticas contra o racismo de Hitler, que plasmava em suas homilias\u201d e, depois de passar por Bordeaux, chegou a Val\u00eancia em 1941.<\/p>\n<p>Himmler: \u201cCom um milh\u00e3o de Gapp dominar\u00edamos o mundo\u201d<\/p>\n<p>Um ano depois, dois jovens alem\u00e3es, que disseram ser irm\u00e3os judeus perseguidos pelos nazistas, foram ao col\u00e9gio do Pilar para pedir ajuda e Santiago \u201cestabeleceu com eles uma grande amizade e inclusive os preparou para o Batismo\u201d.<\/p>\n<p>Alguns dias antes do Batismo, Gapp foi convidado pelos dois amigos para viajar com eles a S\u00e3o Sebasti\u00e3o e, desde ent\u00e3o, \u201cmediante enganos, fizeram passar a Hendaya (Fran\u00e7a), onde foi preso pela Gestapo, a qual pertenciam os dois falsos judeus\u201d, explicou Salaverri.<\/p>\n<p>Por \u00faltimo, foi conduzido a Paris e depois a Berlim, \u201conde fez cont\u00ednua profiss\u00e3o de sua f\u00e9 enquanto era interrogado, at\u00e9 que no dia 13 de agosto de 1943 foi decapitado, depois de ter sido condenado \u00e0 morte por um tribunal popular\u201d, segundo Salaverri.<\/p>\n<p>O caso de Gapp \u201cimpressionou o pr\u00f3prio Heinrich Himmler, respons\u00e1vel pela Gestapo, que assegurou que com um milh\u00e3o de Jakobs Gapp, mas da nossa ideologia, dominar\u00edamos o mundo\u201d, acrescentou.<\/p>\n<p>No processo de beatifica\u00e7\u00e3o do marianista \u201cfoi chave o testemunho de um dos torturadores nazistas, o antigo pastor protestante Karl Neuhaus, ante a Congrega\u00e7\u00e3o para a Causa dos Santos do Vaticano\u201d, precisou o autor da biografia do beato. Suas rel\u00edquias s\u00e3o veneradas em Innsbruck.<\/p>\n<p>Publicado originalmente no Atual.<\/p>\n<p style=\"text-align: justify;\">\u00a0<\/p>\n<p style=\"text-align: justify;\">Fonte: Acidigital<\/p>\n","protected":false},"excerpt":{"rendered":"<p>MADRI, (ACI\/Actuall).- A Igreja comemora hoje a festividade lit\u00fargica do beato Santiago Gapp, sacerdote austr\u00edaco da Companhia de Maria, decapitado em Berlim, em 1943, depois de ser localizado pela Gestapo em Val\u00eancia, na Espanha, para onde tinha fugido perseguido pelo regime nazista. Al\u00e9m disso, este ano completa 20 anos que foi beatificado pelo Papa S\u00e3o [&hellip;]<\/p>\n","protected":false},"author":1,"featured_media":17806,"comment_status":"open","ping_status":"open","sticky":false,"template":"","format":"standard","meta":{"footnotes":""},"categories":[4],"tags":[],"class_list":["post-17807","post","type-post","status-publish","format-standard","has-post-thumbnail","hentry","category-cotidiano"],"_links":{"self":[{"href":"https:\/\/catolicanet.net\/wp-cnet\/wp-json\/wp\/v2\/posts\/17807","targetHints":{"allow":["GET"]}}],"collection":[{"href":"https:\/\/catolicanet.net\/wp-cnet\/wp-json\/wp\/v2\/posts"}],"about":[{"href":"https:\/\/catolicanet.net\/wp-cnet\/wp-json\/wp\/v2\/types\/post"}],"author":[{"embeddable":true,"href":"https:\/\/catolicanet.net\/wp-cnet\/wp-json\/wp\/v2\/users\/1"}],"replies":[{"embeddable":true,"href":"https:\/\/catolicanet.net\/wp-cnet\/wp-json\/wp\/v2\/comments?post=17807"}],"version-history":[{"count":1,"href":"https:\/\/catolicanet.net\/wp-cnet\/wp-json\/wp\/v2\/posts\/17807\/revisions"}],"predecessor-version":[{"id":25270,"href":"https:\/\/catolicanet.net\/wp-cnet\/wp-json\/wp\/v2\/posts\/17807\/revisions\/25270"}],"wp:featuredmedia":[{"embeddable":true,"href":"https:\/\/catolicanet.net\/wp-cnet\/wp-json\/wp\/v2\/media\/17806"}],"wp:attachment":[{"href":"https:\/\/catolicanet.net\/wp-cnet\/wp-json\/wp\/v2\/media?parent=17807"}],"wp:term":[{"taxonomy":"category","embeddable":true,"href":"https:\/\/catolicanet.net\/wp-cnet\/wp-json\/wp\/v2\/categories?post=17807"},{"taxonomy":"post_tag","embeddable":true,"href":"https:\/\/catolicanet.net\/wp-cnet\/wp-json\/wp\/v2\/tags?post=17807"}],"curies":[{"name":"wp","href":"https:\/\/api.w.org\/{rel}","templated":true}]}}