{"id":17782,"date":"2016-09-09T17:56:35","date_gmt":"2016-09-09T20:56:35","guid":{"rendered":"http:\/\/catolicanet.net\/wp-cnet\/2016\/09\/09\/asiajordania-igrejas-do-oriente-medio-agradecem-os-lideres-islamicos-por-reconhecer-a-contribuicao-dos-cristaos-na-civilizacao-arabe\/"},"modified":"2017-05-29T15:56:14","modified_gmt":"2017-05-29T18:56:14","slug":"asiajordania-igrejas-do-oriente-medio-agradecem-os-lideres-islamicos-por-reconhecer-a-contribuicao-dos-cristaos-na-civilizacao-arabe","status":"publish","type":"post","link":"https:\/\/catolicanet.net\/wp-cnet\/asiajordania-igrejas-do-oriente-medio-agradecem-os-lideres-islamicos-por-reconhecer-a-contribuicao-dos-cristaos-na-civilizacao-arabe\/","title":{"rendered":"\u00c1SIA\/JORD\u00c2NIA &#8211; Igrejas do Oriente M\u00e9dio agradecem os l\u00edderes isl\u00e2micos por reconhecer a contribui\u00e7\u00e3o dos crist\u00e3os na civiliza\u00e7\u00e3o \u00e1rabe"},"content":{"rendered":"<p style=\"text-align: justify;\"><img decoding=\"async\" src=\"http:\/\/www.catolicanet.com.br\/images\/stories\/noticias\/primopiano_2392.jpg\" border=\"0\" align=\"left\" \/>Am\u00e3 (Ag\u00eancia Fides) \u2013 As Igrejas e comunidades crist\u00e3s do Oriente M\u00e9dio apreciam e acompanham com otimismo as iniciativas de institui\u00e7\u00f5es e l\u00edderes mu\u00e7ulmanos da regi\u00e3o \u201cque se comprometeram em recha\u00e7ar o extremismo e a viol\u00eancia, reafirmando o respeito pela diversidade; e reconheceram o papel da componente crist\u00e3 como fator original e fundamental da civiliza\u00e7\u00e3o \u00e1rabe e de toda a regi\u00e3o, invocando que este fator deve ser preservado\u201d. Assim, os l\u00edderes e representantes de todas as Igrejas e comunidades eclesiais reunidos em Am\u00e3, em sua XI Assembleia, quiseram homenagear os representantes mais prestigiados de comunidades e institui\u00e7\u00f5es isl\u00e2micas que diante das vicissitudes em ato na \u00e1rea m\u00e9dio-oriental reconheceram a presen\u00e7a crist\u00e3 no Oriente M\u00e9dio como fator aut\u00f3ctone e componente indel\u00e9vel das sociedades m\u00e9dio-orientais. E o fizeram na mensagem final divulgada na conclus\u00e3o da XI Assembleia do I Conc\u00edlio das Igrejas do Oriente M\u00e9dio, encerrada quinta-feira, 8 de setembro em Am\u00e3. \u201cA Assembleia \u2013 consta no documento, enviado \u00e0 Ag\u00eancia Fides \u2013 faz votos que tais atitudes, expressas por institui\u00e7\u00f5es e representantes mu\u00e7ulmanos, \u201cse traduzam em medidas concretas, para passarmos a um novo modelo de colabora\u00e7\u00e3o e interc\u00e2mbio\u201d.<br \/>O texto divulgado na conclus\u00e3o da Assembleia expressa considera\u00e7\u00f5es e crit\u00e9rios compartilhados pelas Igrejas crist\u00e3s diante dos problemas e dramas que marcam a atualidade m\u00e9dio-oriental. Dentre outras coisas, expressa a inten\u00e7\u00e3o de constituir uma delega\u00e7\u00e3o encarregada de visitar os pa\u00edses do Oriente M\u00e9dio para encontrar autoridades civis e religiosas, inclusive lideran\u00e7as de grandes institui\u00e7\u00f5es isl\u00e2micas como a Universidade sunita de Al Azhar e a xiita de Qom, para encontrarem juntas solu\u00e7\u00f5es que favore\u00e7am a continuidade da presen\u00e7a crist\u00e3 na regi\u00e3o. Os l\u00edderes das Igrejas e comunidades crist\u00e3s convidam a comunidade internacional a intervir para deter o conflito s\u00edrio, abstendo-se de \u201cfornecer armas a grupos terroristas\u201d e perseguindo uma solu\u00e7\u00e3o pac\u00edfica da crise s\u00edria que n\u00e3o coloque em risco \u201ca unidade da S\u00edria\u201d e a conviv\u00eancia entre as diferentes componentes \u00e9tnicas e religiosas da sociedade civil.<br \/>O documento evoca a responsabilidade dos pa\u00edses \u00e1rabes e da comunidade internacional da acolhida e do apoio aos refugiados, assim como o fazem as Igrejas e organismos eclesiais, levando em conta tamb\u00e9m o futuro apoio ao \u201cretorno\u201d dos refugiados \u00e0s pr\u00f3prias terras natas \u201co mais r\u00e1pido poss\u00edvel\u201d. Reitera-se tamb\u00e9m o apoio \u00e0 causa do povo palestino e ao seu direito de ter um Estado e pede-se que se coloque fim nesta situa\u00e7\u00e3o anormal vivida na ilha de Chipre, recuperando a unidade do territ\u00f3rio e garantindo os direitos de todos os seus cidad\u00e3os.<br \/>O documento expressa agradecimento ao Reino da Jord\u00e2nia, que sediou os trabalhos e do qual se reafirma o papel de cust\u00f3dio dos Lugares Santos, inclusive crist\u00e3os, na Terra Santa. Agradece-se tamb\u00e9m as autoridades eg\u00edpcias por terem emanado uma nova lei sobre a constru\u00e7\u00e3o e a reconstru\u00e7\u00e3o de lugares de culto crist\u00e3os.<\/p>\n<p style=\"text-align: justify;\">\u00a0<\/p>\n<p style=\"text-align: justify;\">Fonte: Ag\u00eancia Fides<\/p>\n","protected":false},"excerpt":{"rendered":"<p>Am\u00e3 (Ag\u00eancia Fides) \u2013 As Igrejas e comunidades crist\u00e3s do Oriente M\u00e9dio apreciam e acompanham com otimismo as iniciativas de institui\u00e7\u00f5es e l\u00edderes mu\u00e7ulmanos da regi\u00e3o \u201cque se comprometeram em recha\u00e7ar o extremismo e a viol\u00eancia, reafirmando o respeito pela diversidade; e reconheceram o papel da componente crist\u00e3 como fator original e fundamental da civiliza\u00e7\u00e3o [&hellip;]<\/p>\n","protected":false},"author":1,"featured_media":17781,"comment_status":"open","ping_status":"open","sticky":false,"template":"","format":"standard","meta":{"footnotes":""},"categories":[3],"tags":[],"class_list":["post-17782","post","type-post","status-publish","format-standard","has-post-thumbnail","hentry","category-vaticano"],"_links":{"self":[{"href":"https:\/\/catolicanet.net\/wp-cnet\/wp-json\/wp\/v2\/posts\/17782","targetHints":{"allow":["GET"]}}],"collection":[{"href":"https:\/\/catolicanet.net\/wp-cnet\/wp-json\/wp\/v2\/posts"}],"about":[{"href":"https:\/\/catolicanet.net\/wp-cnet\/wp-json\/wp\/v2\/types\/post"}],"author":[{"embeddable":true,"href":"https:\/\/catolicanet.net\/wp-cnet\/wp-json\/wp\/v2\/users\/1"}],"replies":[{"embeddable":true,"href":"https:\/\/catolicanet.net\/wp-cnet\/wp-json\/wp\/v2\/comments?post=17782"}],"version-history":[{"count":1,"href":"https:\/\/catolicanet.net\/wp-cnet\/wp-json\/wp\/v2\/posts\/17782\/revisions"}],"predecessor-version":[{"id":24206,"href":"https:\/\/catolicanet.net\/wp-cnet\/wp-json\/wp\/v2\/posts\/17782\/revisions\/24206"}],"wp:featuredmedia":[{"embeddable":true,"href":"https:\/\/catolicanet.net\/wp-cnet\/wp-json\/wp\/v2\/media\/17781"}],"wp:attachment":[{"href":"https:\/\/catolicanet.net\/wp-cnet\/wp-json\/wp\/v2\/media?parent=17782"}],"wp:term":[{"taxonomy":"category","embeddable":true,"href":"https:\/\/catolicanet.net\/wp-cnet\/wp-json\/wp\/v2\/categories?post=17782"},{"taxonomy":"post_tag","embeddable":true,"href":"https:\/\/catolicanet.net\/wp-cnet\/wp-json\/wp\/v2\/tags?post=17782"}],"curies":[{"name":"wp","href":"https:\/\/api.w.org\/{rel}","templated":true}]}}