{"id":17778,"date":"2016-09-09T17:30:17","date_gmt":"2016-09-09T20:30:17","guid":{"rendered":"http:\/\/catolicanet.net\/wp-cnet\/2016\/09\/09\/fieis-veneram-a-padroeira-de-cuba-em-procissoes-pelo-pais\/"},"modified":"2017-06-02T10:33:44","modified_gmt":"2017-06-02T13:33:44","slug":"fieis-veneram-a-padroeira-de-cuba-em-procissoes-pelo-pais","status":"publish","type":"post","link":"https:\/\/catolicanet.net\/wp-cnet\/fieis-veneram-a-padroeira-de-cuba-em-procissoes-pelo-pais\/","title":{"rendered":"Fi\u00e9is veneram a padroeira de Cuba em prociss\u00f5es pelo pa\u00eds"},"content":{"rendered":"<p style=\"text-align: justify;\"><img decoding=\"async\" src=\"http:\/\/www.catolicanet.com.br\/images\/stories\/noticias\/reuters1700246_articolo.jpg\" border=\"0\" align=\"left\" \/>Cidade do Vaticano (RV) \u2013 A semana \u00e9 de celebra\u00e7\u00e3o para os devotos cubanos de Nossa Senhora da Caridade do Cobre. Em diversas cidades do pa\u00eds, prociss\u00f5es e missas foram realizadas nesta quinta-feira (8), dia em homenagem \u00e0 santa.<\/p>\n<p>Em Cuba, centenas de fi\u00e9is celebram a festa no ano em que marca o centen\u00e1rio da sua proclama\u00e7\u00e3o como padroeira do pa\u00eds, como aconteceu na cerim\u00f4nia presidida pelo arcebispo metropolitano de Havana, Dom Juan de La Caridad Garc\u00eda Rodr\u00edguez. Centenas de devotos participaram das festividades levando flores, velas, vestindo alguma pe\u00e7a de roupa na cor amarela \u2013 a cor que identifica a padroeira de Cuba.<\/p>\n<p>Peregrina\u00e7\u00e3o ao Santu\u00e1rio<\/p>\n<p>Outra massa de devotos fez peregrina\u00e7\u00e3o at\u00e9 o Santu\u00e1rio de Nossa Senhora da Caridade na pequena localidade de El Cobre, em Santiago de Cuba, declarado Monumento Nacional em 2012. A missa no local, que fica a uns 900 km de Havana, foi presidida pelo arcebispo de Santiago e presidente da Confer\u00eancia dos Bispos Cat\u00f3licos de Cuba, Dom Dion\u00edsio Garc\u00eda Ibanez.<\/p>\n<p>Mensagem em ocasi\u00e3o da festividade<\/p>\n<p>Em ocasi\u00e3o do centen\u00e1rio da Santa Padroeira, Dom \u00c1lvaro Beyra Luarca, bispo da diocese do Sant\u00edssimo Salvador de Bayamo-Manzanillo, divulgou mensagem no site oficial da Confer\u00eancia dos Bispos de Cuba lembrando de como aconteceu o reconhecimento solene da Santa S\u00e9 para que Nossa Senhora da Caridade fosse padroeira do pa\u00eds. Foi Bento XV quem respondeu \u00e0 solicita\u00e7\u00e3o e a transformou em \u201cmodelo, protetora e especial intercessora dos cubanos\u201d. E que a santa \u201cguie nosso andar para junto \u00e0 ela chegar ao final da nossa vida na casa paterna, onde devemos ser acolhidos pelo abra\u00e7o misericordioso e jubiloso de Deus, nosso Pai. Que Maria Sant\u00edssima guie todos at\u00e9 l\u00e1\u201d, aben\u00e7oou Luarca.<\/p>\n<p style=\"text-align: justify;\">\u00a0<\/p>\n<p style=\"text-align: justify;\">Fonte: R\u00e1dio Vaticano<\/p>\n","protected":false},"excerpt":{"rendered":"<p>Cidade do Vaticano (RV) \u2013 A semana \u00e9 de celebra\u00e7\u00e3o para os devotos cubanos de Nossa Senhora da Caridade do Cobre. Em diversas cidades do pa\u00eds, prociss\u00f5es e missas foram realizadas nesta quinta-feira (8), dia em homenagem \u00e0 santa. Em Cuba, centenas de fi\u00e9is celebram a festa no ano em que marca o centen\u00e1rio da [&hellip;]<\/p>\n","protected":false},"author":1,"featured_media":17777,"comment_status":"open","ping_status":"open","sticky":false,"template":"","format":"standard","meta":{"footnotes":""},"categories":[3],"tags":[],"class_list":["post-17778","post","type-post","status-publish","format-standard","has-post-thumbnail","hentry","category-vaticano"],"_links":{"self":[{"href":"https:\/\/catolicanet.net\/wp-cnet\/wp-json\/wp\/v2\/posts\/17778","targetHints":{"allow":["GET"]}}],"collection":[{"href":"https:\/\/catolicanet.net\/wp-cnet\/wp-json\/wp\/v2\/posts"}],"about":[{"href":"https:\/\/catolicanet.net\/wp-cnet\/wp-json\/wp\/v2\/types\/post"}],"author":[{"embeddable":true,"href":"https:\/\/catolicanet.net\/wp-cnet\/wp-json\/wp\/v2\/users\/1"}],"replies":[{"embeddable":true,"href":"https:\/\/catolicanet.net\/wp-cnet\/wp-json\/wp\/v2\/comments?post=17778"}],"version-history":[{"count":1,"href":"https:\/\/catolicanet.net\/wp-cnet\/wp-json\/wp\/v2\/posts\/17778\/revisions"}],"predecessor-version":[{"id":27558,"href":"https:\/\/catolicanet.net\/wp-cnet\/wp-json\/wp\/v2\/posts\/17778\/revisions\/27558"}],"wp:featuredmedia":[{"embeddable":true,"href":"https:\/\/catolicanet.net\/wp-cnet\/wp-json\/wp\/v2\/media\/17777"}],"wp:attachment":[{"href":"https:\/\/catolicanet.net\/wp-cnet\/wp-json\/wp\/v2\/media?parent=17778"}],"wp:term":[{"taxonomy":"category","embeddable":true,"href":"https:\/\/catolicanet.net\/wp-cnet\/wp-json\/wp\/v2\/categories?post=17778"},{"taxonomy":"post_tag","embeddable":true,"href":"https:\/\/catolicanet.net\/wp-cnet\/wp-json\/wp\/v2\/tags?post=17778"}],"curies":[{"name":"wp","href":"https:\/\/api.w.org\/{rel}","templated":true}]}}