{"id":17720,"date":"2016-09-08T14:06:30","date_gmt":"2016-09-08T17:06:30","guid":{"rendered":"http:\/\/catolicanet.net\/wp-cnet\/2016\/09\/08\/nao-sabemos-se-sacerdote-sequestrado-por-terroristas-islamicos-segue-vivo-diz-bispo\/"},"modified":"2017-05-29T15:58:27","modified_gmt":"2017-05-29T18:58:27","slug":"nao-sabemos-se-sacerdote-sequestrado-por-terroristas-islamicos-segue-vivo-diz-bispo","status":"publish","type":"post","link":"https:\/\/catolicanet.net\/wp-cnet\/nao-sabemos-se-sacerdote-sequestrado-por-terroristas-islamicos-segue-vivo-diz-bispo\/","title":{"rendered":"N\u00e3o sabemos se sacerdote sequestrado por terroristas isl\u00e2micos segue vivo, diz Bispo"},"content":{"rendered":"<p style=\"text-align: justify;\"><img decoding=\"async\" src=\"http:\/\/www.catolicanet.com.br\/images\/stories\/noticias\/ptom_infoans_050916.jpg\" border=\"0\" align=\"left\" \/>Roma, (ACI).- Enquanto a situa\u00e7\u00e3o de viol\u00eancia piora no I\u00eamen, no dia 2 de setembro, o Vig\u00e1rio Apost\u00f3lico da Ar\u00e1bia do Sul, Dom Paul Hinder, pediu ora\u00e7\u00f5es pelos sacerdotes, pelas Mission\u00e1rias da Caridade e pelo sacerdote sequestrado Tom Uzhunnalil, cuja situa\u00e7\u00e3o atual \u00e9 incerta.<\/p>\n<p>\u201cN\u00e3o sei como podemos seguir na situa\u00e7\u00e3o atual\u201d, disse visivelmente comovido Dom Hinder. \u201cE rezem pelo Pe. Tom. N\u00e3o sabemos se ele est\u00e1 morto ou n\u00e3o\u201d.<\/p>\n<p>Desde 2015, duas fac\u00e7\u00f5es rivais lutam pelo poder no I\u00eamen. Em meio aos enfrentamentos, os grupos terroristas mu\u00e7ulmanos Al Qaeda e Estado Isl\u00e2mico realizaram ataques contra diversos povoados.<\/p>\n<p>Estima-se que 6.000 pessoas morreram devido aos enfrentamentos, segundo Na\u00e7\u00f5es Unidas.<\/p>\n<p>No dia 4 de mar\u00e7o, um grupo de terroristas isl\u00e2micos assaltou o albergue para idosos e deficientes administrado pelas Mission\u00e1rias da Caridade em \u00c1den (I\u00eamen), assassinou quatro religiosas e outras doze pessoas e sequestrou o Pe. Tom Uzhunnalil.<\/p>\n<p>O Vig\u00e1rio Apost\u00f3lico da Ar\u00e1bia do Sul falou brevemente no dia 2 de setembro, ao finalizar um simp\u00f3sio sobre a Madre Teresa de Calcut\u00e1, fundadora das Mission\u00e1rias da Caridade, canonizada dois dias depois pelo Papa Francisco. O evento foi organizado por Asia News em Roma.<\/p>\n<p>\u201cSofro devido \u00e0 situa\u00e7\u00e3o que surgiu no I\u00eamen, onde 7 milh\u00f5es de pessoas morrem de fome; n\u00e3o h\u00e1 seguran\u00e7a para ningu\u00e9m, n\u00e3o se trata de ser crist\u00e3os ou mu\u00e7ulmanos\u201d, disse. \u201cA inseguran\u00e7a \u00e9 geral em todo o pa\u00eds, causada pela guerra civil\u201d.<\/p>\n<p>Algumas informa\u00e7\u00f5es do in\u00edcio deste ano assinalavam que a liberta\u00e7\u00e3o do Pe. Tom poderia acontecer logo. Entretanto, Dom Hinder precisou que desconhecem a situa\u00e7\u00e3o atual do sacerdote.<\/p>\n<p>O Vig\u00e1rio Apost\u00f3lico da Ar\u00e1bia do Sul destacou a valentia das Mission\u00e1rias da Caridade e recordou que \u201calguns dias depois que as irm\u00e3s foram assassinadas, em 4 de mar\u00e7o, encontrei-me com a \u00fanica sobrevivente. A primeira coisa que ela me disse foi: \u2018quero voltar, o mais r\u00e1pido poss\u00edvel e logo que tiver permiss\u00e3o\u2019\u201d.<\/p>\n<p>Dom Hinder pediu ora\u00e7\u00f5es para que os sacerdotes e outros possam se unir \u00e0s religiosas em seu trabalho nesta regi\u00e3o, apesar das dificuldades de vistos e outros tr\u00e2mites devido \u00e0 guerra civil. \u201cA miss\u00e3o no estado de guerra, apesar da dificuldade, deve continuar\u201d, disse.<\/p>\n<p>\u201cO Pe. Tom foi sequestrado. Ele voltou para o I\u00eamen depois de pedir permiss\u00e3o ao provincial e a mim. Eu lhe disse: \u2018se quiser, posso te ajudar a entrar no meu pa\u00eds\u2019. Certamente hoje \u00e9 algo doloroso de pensar\u201d, disse.<\/p>\n<p>Entretanto, assinalou, \u201cainda estou convencido de que foi o certo. Na guerra nunca \u00e9 poss\u00edvel predizer o que acontece\u201d.<\/p>\n<p style=\"text-align: justify;\">\u00a0<\/p>\n<p style=\"text-align: justify;\">Fonte: Acidigital<\/p>\n","protected":false},"excerpt":{"rendered":"<p>Roma, (ACI).- Enquanto a situa\u00e7\u00e3o de viol\u00eancia piora no I\u00eamen, no dia 2 de setembro, o Vig\u00e1rio Apost\u00f3lico da Ar\u00e1bia do Sul, Dom Paul Hinder, pediu ora\u00e7\u00f5es pelos sacerdotes, pelas Mission\u00e1rias da Caridade e pelo sacerdote sequestrado Tom Uzhunnalil, cuja situa\u00e7\u00e3o atual \u00e9 incerta. \u201cN\u00e3o sei como podemos seguir na situa\u00e7\u00e3o atual\u201d, disse visivelmente comovido [&hellip;]<\/p>\n","protected":false},"author":1,"featured_media":17719,"comment_status":"open","ping_status":"open","sticky":false,"template":"","format":"standard","meta":{"footnotes":""},"categories":[4],"tags":[],"class_list":["post-17720","post","type-post","status-publish","format-standard","has-post-thumbnail","hentry","category-cotidiano"],"_links":{"self":[{"href":"https:\/\/catolicanet.net\/wp-cnet\/wp-json\/wp\/v2\/posts\/17720","targetHints":{"allow":["GET"]}}],"collection":[{"href":"https:\/\/catolicanet.net\/wp-cnet\/wp-json\/wp\/v2\/posts"}],"about":[{"href":"https:\/\/catolicanet.net\/wp-cnet\/wp-json\/wp\/v2\/types\/post"}],"author":[{"embeddable":true,"href":"https:\/\/catolicanet.net\/wp-cnet\/wp-json\/wp\/v2\/users\/1"}],"replies":[{"embeddable":true,"href":"https:\/\/catolicanet.net\/wp-cnet\/wp-json\/wp\/v2\/comments?post=17720"}],"version-history":[{"count":1,"href":"https:\/\/catolicanet.net\/wp-cnet\/wp-json\/wp\/v2\/posts\/17720\/revisions"}],"predecessor-version":[{"id":24209,"href":"https:\/\/catolicanet.net\/wp-cnet\/wp-json\/wp\/v2\/posts\/17720\/revisions\/24209"}],"wp:featuredmedia":[{"embeddable":true,"href":"https:\/\/catolicanet.net\/wp-cnet\/wp-json\/wp\/v2\/media\/17719"}],"wp:attachment":[{"href":"https:\/\/catolicanet.net\/wp-cnet\/wp-json\/wp\/v2\/media?parent=17720"}],"wp:term":[{"taxonomy":"category","embeddable":true,"href":"https:\/\/catolicanet.net\/wp-cnet\/wp-json\/wp\/v2\/categories?post=17720"},{"taxonomy":"post_tag","embeddable":true,"href":"https:\/\/catolicanet.net\/wp-cnet\/wp-json\/wp\/v2\/tags?post=17720"}],"curies":[{"name":"wp","href":"https:\/\/api.w.org\/{rel}","templated":true}]}}