{"id":17692,"date":"2016-09-06T16:44:02","date_gmt":"2016-09-06T19:44:02","guid":{"rendered":"http:\/\/catolicanet.net\/wp-cnet\/2016\/09\/06\/africard-congo-alerta-no-kivu-do-sul-pela-presenca-de-grupos-armados-burundineses\/"},"modified":"2017-05-31T08:54:13","modified_gmt":"2017-05-31T11:54:13","slug":"africard-congo-alerta-no-kivu-do-sul-pela-presenca-de-grupos-armados-burundineses","status":"publish","type":"post","link":"https:\/\/catolicanet.net\/wp-cnet\/africard-congo-alerta-no-kivu-do-sul-pela-presenca-de-grupos-armados-burundineses\/","title":{"rendered":"\u00c1FRICA\/RD CONGO &#8211; Alerta no Kivu do Sul pela presen\u00e7a de grupos armados burundineses"},"content":{"rendered":"<p style=\"text-align: justify;\"><img decoding=\"async\" src=\"http:\/\/www.catolicanet.com.br\/images\/stories\/noticias\/primopiano_2351.jpg\" border=\"0\" align=\"left\" \/>Kinshasa (Ag\u00eancia Fides) &#8211; \u201cA situa\u00e7\u00e3o em Ruzizi e nos altiplanos na Prov\u00edncia de Kivu do Sul, no leste da Rep\u00fablica Democr\u00e1tica do Congo, continua se deteriorando. A situa\u00e7\u00e3o \u00e9 t\u00e3o preocupante que j\u00e1 se parece com a da Prov\u00edncia de Kivu do Norte\u201d, denuncia um comunicado enviado \u00e0 Ag\u00eancia Fides por ACMEJ\/DH, organiza\u00e7\u00e3o humanit\u00e1ria local.<br \/>No comunicado, se afirma que nos \u00faltimos dias se verificaram na regi\u00e3o v\u00e1rios assaltos nas ruas cometidos por pessoas que falavam o burundin\u00eas (kirundi) e o sua\u00edli, suscitando inquieta\u00e7\u00e3o na popula\u00e7\u00e3o local, que corre o risco de se transformar em irrita\u00e7\u00e3o contra os refugiados burundineses. Esses \u00faltimos chegaram \u00e0 \u00e1rea em abril de 2015 para fugir das tens\u00f5es e das viol\u00eancias causadas pela reelei\u00e7\u00e3o do Presidente Pierre Nkurunziza.<br \/>At\u00e9 ent\u00e3o, segundo ACMEJ\/DH, entre a popula\u00e7\u00e3o local e os refugiados existem boas rela\u00e7\u00f5es: \u201cAlguns dos refugiados foram acolhidos por fam\u00edlias congolesas, outros alugam casas com os pr\u00f3prios meios financeiros. Mais uma vez, no conjunto, se nota uma verdadeira solidariedade entre congoleses e refugiados burundineses\u201d.<br \/>ACMEJ\/DH destaca que a infiltra\u00e7\u00e3o de grupos armados burundineses na regi\u00e3o n\u00e3o tem nada a ver com a presen\u00e7a dos refugiados, pelo contr\u00e1rio, estes \u00faltimos correm o risco de se tornarem \u201cv\u00edtimas inocentes desta situa\u00e7\u00e3o\u201d. A organiza\u00e7\u00e3o humanit\u00e1ria pede \u00e0s autoridades locais e \u00e0 MONUSCO (Miss\u00e3o da ONU na RDC) que reforce a seguran\u00e7a em Ruzizi para prevenir mais viol\u00eancias.<\/p>\n<p style=\"text-align: justify;\">\u00a0<\/p>\n<p style=\"text-align: justify;\">Fonte: Ag\u00eancia Fides<\/p>\n","protected":false},"excerpt":{"rendered":"<p>Kinshasa (Ag\u00eancia Fides) &#8211; \u201cA situa\u00e7\u00e3o em Ruzizi e nos altiplanos na Prov\u00edncia de Kivu do Sul, no leste da Rep\u00fablica Democr\u00e1tica do Congo, continua se deteriorando. A situa\u00e7\u00e3o \u00e9 t\u00e3o preocupante que j\u00e1 se parece com a da Prov\u00edncia de Kivu do Norte\u201d, denuncia um comunicado enviado \u00e0 Ag\u00eancia Fides por ACMEJ\/DH, organiza\u00e7\u00e3o humanit\u00e1ria [&hellip;]<\/p>\n","protected":false},"author":1,"featured_media":17691,"comment_status":"open","ping_status":"open","sticky":false,"template":"","format":"standard","meta":{"footnotes":""},"categories":[4],"tags":[],"class_list":["post-17692","post","type-post","status-publish","format-standard","has-post-thumbnail","hentry","category-cotidiano"],"_links":{"self":[{"href":"https:\/\/catolicanet.net\/wp-cnet\/wp-json\/wp\/v2\/posts\/17692","targetHints":{"allow":["GET"]}}],"collection":[{"href":"https:\/\/catolicanet.net\/wp-cnet\/wp-json\/wp\/v2\/posts"}],"about":[{"href":"https:\/\/catolicanet.net\/wp-cnet\/wp-json\/wp\/v2\/types\/post"}],"author":[{"embeddable":true,"href":"https:\/\/catolicanet.net\/wp-cnet\/wp-json\/wp\/v2\/users\/1"}],"replies":[{"embeddable":true,"href":"https:\/\/catolicanet.net\/wp-cnet\/wp-json\/wp\/v2\/comments?post=17692"}],"version-history":[{"count":1,"href":"https:\/\/catolicanet.net\/wp-cnet\/wp-json\/wp\/v2\/posts\/17692\/revisions"}],"predecessor-version":[{"id":25296,"href":"https:\/\/catolicanet.net\/wp-cnet\/wp-json\/wp\/v2\/posts\/17692\/revisions\/25296"}],"wp:featuredmedia":[{"embeddable":true,"href":"https:\/\/catolicanet.net\/wp-cnet\/wp-json\/wp\/v2\/media\/17691"}],"wp:attachment":[{"href":"https:\/\/catolicanet.net\/wp-cnet\/wp-json\/wp\/v2\/media?parent=17692"}],"wp:term":[{"taxonomy":"category","embeddable":true,"href":"https:\/\/catolicanet.net\/wp-cnet\/wp-json\/wp\/v2\/categories?post=17692"},{"taxonomy":"post_tag","embeddable":true,"href":"https:\/\/catolicanet.net\/wp-cnet\/wp-json\/wp\/v2\/tags?post=17692"}],"curies":[{"name":"wp","href":"https:\/\/api.w.org\/{rel}","templated":true}]}}