{"id":1769,"date":"2012-05-23T19:11:36","date_gmt":"2012-05-23T22:11:36","guid":{"rendered":"http:\/\/catolicanet.net\/wp-cnet\/diretoria-da-caritas-brasileira-visita-europa\/"},"modified":"2017-03-21T10:32:46","modified_gmt":"2017-03-21T13:32:46","slug":"diretoria-da-caritas-brasileira-visita-europa","status":"publish","type":"post","link":"https:\/\/catolicanet.net\/wp-cnet\/diretoria-da-caritas-brasileira-visita-europa\/","title":{"rendered":"Diretoria da C\u00e1ritas Brasileira visita Europa"},"content":{"rendered":"<p style=\"text-align: justify;\"><img decoding=\"async\" src=\"images\/stories\/caritas.png\" border=\"0\" align=\"left\" \/>Com o tema Como avan\u00e7ar em uma caridade iluminada pela verdade: desafios ao longo do caminho, a C\u00e1ritas Espanhola promoveu esta semana (20 e 21 de maio), a s\u00e9tima edi\u00e7\u00e3o do Congresso hispano-latino-americano e caribenho.<\/p>\n<p>Cerca de cem representantes de 22 C\u00e1ritas da Am\u00e9rica Latina, al\u00e9m de todas as C\u00e1ritas Diocesanas da Espanha, participaram do encontro que se realizou na cidade de El Escorial, perto de Madri.<\/p>\n<p>A C\u00e1ritas Brasileira foi representada pelo diretor-tesoureiro, Padre Evaldo Ferreira, e pela diretora-executiva nacional da entidade, Maria Cristina dos Anjos. Este congresso \u00e9 importante porque possibilita espa\u00e7os de di\u00e1logo e maior aproxima\u00e7\u00e3o entre as C\u00e1ritas da Am\u00e9rica Latina, Caribe e a C\u00e1ritas da Espanha. \u00c9 um momento tamb\u00e9m de prepara\u00e7\u00e3o conjunta das C\u00e1ritas da Am\u00e9rica Latina para a participa\u00e7\u00e3o na Assembleia Geral em Roma, declarou Maria Cristina dos Anjos.<\/p>\n<p>Este ano, quatro conte\u00fados tem\u00e1ticos, relacionados com a reflex\u00e3o do Papa Bento XVI na Enc\u00edclica Caritas in veritate, foram debatidos durante o encontro. S\u00e3o eles: Caridade e Gratuidade; Caridade Transformadora; Caridade e Compromisso \u00c9tico e Pol\u00edtico; e Caridade e Coopera\u00e7\u00e3o Internacional.<\/p>\n<p>Para a dire\u00e7\u00e3o da C\u00e1ritas Brasileira, este encontro na Espanha \u00e9 parte de uma agenda internacional que prev\u00ea compromissos, al\u00e9m da Espanha, na Fran\u00e7a, na Alemanha e na It\u00e1lia.<br \/>A finalidade desta visita \u00e0 Europa \u00e9 apresentar as novas prioridades da Rede C\u00e1ritas para o quadri\u00eanio 2012-2015, apresentar a nova presid\u00eancia e dialogar sobre os atuais programas em desenvolvimento, bem como sobre futuros apoios.<\/p>\n<p>A delega\u00e7\u00e3o \u00e9 composta ainda pelo Presidente da C\u00e1ritas Brasileira, Dom Fl\u00e1vio Giovenale, e pelo Bispo de \u00d3bidos (PA), Dom Bernardo Bahlmann, que acompanha a diretoria nas reuni\u00f5es que ocorrem na Alemanha.<\/p>\n<p>Em Roma, nos dias 29 e 30 de maio, a diretora executiva participar\u00e1 do semin\u00e1rio Novos Desafios Cat\u00f3licos para a Constru\u00e7\u00e3o da Paz, organizado em parceria com o Pontif\u00edcio Conselho de Justi\u00e7a e Paz.<\/p>\n<p>Fonte: R\u00e1dio Vaticano<br \/>Local: Madri<\/p>\n","protected":false},"excerpt":{"rendered":"<p>Com o tema Como avan\u00e7ar em uma caridade iluminada pela verdade: desafios ao longo do caminho, a C\u00e1ritas Espanhola promoveu esta semana (20 e 21 de maio), a s\u00e9tima edi\u00e7\u00e3o do Congresso hispano-latino-americano e caribenho. Cerca de cem representantes de 22 C\u00e1ritas da Am\u00e9rica Latina, al\u00e9m de todas as C\u00e1ritas Diocesanas da Espanha, participaram do [&hellip;]<\/p>\n","protected":false},"author":1,"featured_media":1559,"comment_status":"closed","ping_status":"closed","sticky":false,"template":"","format":"standard","meta":{"footnotes":""},"categories":[4],"tags":[],"class_list":["post-1769","post","type-post","status-publish","format-standard","has-post-thumbnail","hentry","category-cotidiano"],"_links":{"self":[{"href":"https:\/\/catolicanet.net\/wp-cnet\/wp-json\/wp\/v2\/posts\/1769","targetHints":{"allow":["GET"]}}],"collection":[{"href":"https:\/\/catolicanet.net\/wp-cnet\/wp-json\/wp\/v2\/posts"}],"about":[{"href":"https:\/\/catolicanet.net\/wp-cnet\/wp-json\/wp\/v2\/types\/post"}],"author":[{"embeddable":true,"href":"https:\/\/catolicanet.net\/wp-cnet\/wp-json\/wp\/v2\/users\/1"}],"replies":[{"embeddable":true,"href":"https:\/\/catolicanet.net\/wp-cnet\/wp-json\/wp\/v2\/comments?post=1769"}],"version-history":[{"count":1,"href":"https:\/\/catolicanet.net\/wp-cnet\/wp-json\/wp\/v2\/posts\/1769\/revisions"}],"predecessor-version":[{"id":6861,"href":"https:\/\/catolicanet.net\/wp-cnet\/wp-json\/wp\/v2\/posts\/1769\/revisions\/6861"}],"wp:featuredmedia":[{"embeddable":true,"href":"https:\/\/catolicanet.net\/wp-cnet\/wp-json\/wp\/v2\/media\/1559"}],"wp:attachment":[{"href":"https:\/\/catolicanet.net\/wp-cnet\/wp-json\/wp\/v2\/media?parent=1769"}],"wp:term":[{"taxonomy":"category","embeddable":true,"href":"https:\/\/catolicanet.net\/wp-cnet\/wp-json\/wp\/v2\/categories?post=1769"},{"taxonomy":"post_tag","embeddable":true,"href":"https:\/\/catolicanet.net\/wp-cnet\/wp-json\/wp\/v2\/tags?post=1769"}],"curies":[{"name":"wp","href":"https:\/\/api.w.org\/{rel}","templated":true}]}}